{"id":8716,"date":"2022-11-29T01:00:00","date_gmt":"2022-11-28T21:00:00","guid":{"rendered":"https:\/\/restonsunis.com\/?p=8716"},"modified":"2022-11-28T16:04:10","modified_gmt":"2022-11-28T12:04:10","slug":"le-sanctuaire-modele-pour-la-priere-jour-9","status":"publish","type":"post","link":"https:\/\/restonsunis.com\/index.php\/2022\/11\/29\/le-sanctuaire-modele-pour-la-priere-jour-9\/","title":{"rendered":"Le Sanctuaire, mod\u00e8le pour la pri\u00e8re &#8211; Jour 9"},"content":{"rendered":"\n<p class=\"wp-embed-aspect-16-9 wp-has-aspect-ratio has-medium-font-size\">Le sanctuaire est un mod\u00e8le pour la pri\u00e8re. Des portes du parvis jusqu&#8217;\u00e0 l&#8217;Arche de l&#8217;alliance, c&#8217;est un parcours de communion avec Dieu. Le sanctuaire est une invitation \u00e0 exp\u00e9rimenter la pr\u00e9sence de l&#8217;\u00c9ternel avec et en nous.<\/p>\n\n\n\n<p class=\"has-text-align-center wp-embed-aspect-16-9 wp-has-aspect-ratio has-strong-cyan-color has-text-color has-medium-font-size\"><strong>Voici une suggestion de programme pour aujourd&#8217;hui.<\/strong><\/p>\n\n\n\n<h1 class=\"has-text-align-center wp-embed-aspect-16-9 wp-has-aspect-ratio wp-block-heading\">Mardi 29 novembre 2022<\/h1>\n\n\n<div class=\"wp-block-image\">\n<figure class=\"aligncenter size-large is-resized\"><img decoding=\"async\" src=\"https:\/\/restonsunis.com\/wp-content\/uploads\/2022\/11\/lesportes-1024x260.png\" alt=\"\" class=\"wp-image-8584\" width=\"311\" srcset=\"https:\/\/restonsunis.com\/wp-content\/uploads\/2022\/11\/lesportes-1024x260.png 1024w, https:\/\/restonsunis.com\/wp-content\/uploads\/2022\/11\/lesportes-300x76.png 300w, https:\/\/restonsunis.com\/wp-content\/uploads\/2022\/11\/lesportes-768x195.png 768w, https:\/\/restonsunis.com\/wp-content\/uploads\/2022\/11\/lesportes.png 1280w\" sizes=\"(max-width: 1024px) 100vw, 1024px\" \/><\/figure><\/div>\n\n\n<h2 class=\"has-text-align-center wp-embed-aspect-16-9 wp-has-aspect-ratio wp-block-heading\">1. Portes du parvis : La louange<\/h2>\n\n\n\n<p class=\"has-text-align-center wp-embed-aspect-16-9 wp-has-aspect-ratio has-medium-font-size\"><strong>\ud83d\ude4c Louange<\/strong><\/p>\n\n\n\n<figure class=\"wp-block-embed is-type-video is-provider-youtube wp-block-embed-youtube wp-embed-aspect-16-9 wp-has-aspect-ratio\"><div class=\"wp-block-embed__wrapper\">\n<iframe loading=\"lazy\" title=\"Glorious  - Relever le faible\" width=\"770\" height=\"433\" src=\"https:\/\/www.youtube.com\/embed\/XV4zCdemWJM?feature=oembed\" frameborder=\"0\" allow=\"accelerometer; autoplay; clipboard-write; encrypted-media; gyroscope; picture-in-picture\" allowfullscreen><\/iframe>\n<\/div><\/figure>\n\n\n\n<div style=\"height:100px\" aria-hidden=\"true\" class=\"wp-block-spacer wp-embed-aspect-16-9 wp-has-aspect-ratio\"><\/div>\n\n\n<div class=\"wp-block-image\">\n<figure class=\"aligncenter size-full is-resized\"><img decoding=\"async\" src=\"https:\/\/restonsunis.com\/wp-content\/uploads\/2022\/11\/auteldesholocaustes.png\" alt=\"\" class=\"wp-image-8585\" width=\"118\" srcset=\"https:\/\/restonsunis.com\/wp-content\/uploads\/2022\/11\/auteldesholocaustes.png 491w, https:\/\/restonsunis.com\/wp-content\/uploads\/2022\/11\/auteldesholocaustes-273x300.png 273w\" sizes=\"(max-width: 491px) 100vw, 491px\" \/><\/figure><\/div>\n\n\n<h2 class=\"has-text-align-center wp-embed-aspect-16-9 wp-has-aspect-ratio wp-block-heading\">2. Autel des holocaustes : La pri\u00e8re de confession<\/h2>\n\n\n\n<p class=\"has-text-align-center wp-embed-aspect-16-9 wp-has-aspect-ratio has-medium-font-size\"><strong>\ud83d\udcd6  Lecture<\/strong><\/p>\n\n\n\n<blockquote class=\"wp-block-quote wp-embed-aspect-16-9 wp-has-aspect-ratio has-medium-font-size is-layout-flow wp-block-quote-is-layout-flow\">\n<p>\u00d4 Dieu, aie piti\u00e9 de moi \u00e0 cause de ton amour !<br>Ta tendresse est immense : efface mes torts.<br>Lave-moi compl\u00e8tement de mes fautes, et de mon p\u00e9ch\u00e9, purifie-moi.<\/p>\n<cite>Psaumes 51.3-4<\/cite><\/blockquote>\n\n\n\n<p class=\"has-text-align-center wp-embed-aspect-16-9 wp-has-aspect-ratio has-medium-font-size\">\ud83d\ude4f <strong>Pri\u00e8re de confession<\/strong><\/p>\n\n\n\n<ul type=\"video\" class=\"wp-embed-aspect-16-9 wp-has-aspect-ratio has-medium-font-size wp-block-list\">\n<li>Adressez \u00e0 l&#8217;\u00c9ternel une pri\u00e8re de confession. Citez les p\u00e9ch\u00e9s que vous avez commis avec l&#8217;assurance de leur pardon : <em>&#8220;Si nous confessons nos p\u00e9ch\u00e9s, il est fid\u00e8le et juste pour nous les pardonner, et pour nous purifier de toute iniquit\u00e9.&#8221; 1 Jn 1.9  <\/em><\/li>\n<\/ul>\n\n\n\n<div style=\"height:100px\" aria-hidden=\"true\" class=\"wp-block-spacer wp-embed-aspect-16-9 wp-has-aspect-ratio\"><\/div>\n\n\n<div class=\"wp-block-image\">\n<figure class=\"aligncenter size-full is-resized\"><img decoding=\"async\" src=\"https:\/\/restonsunis.com\/wp-content\/uploads\/2022\/11\/cuvedairain.png\" alt=\"\" class=\"wp-image-8591\" width=\"134\" srcset=\"https:\/\/restonsunis.com\/wp-content\/uploads\/2022\/11\/cuvedairain.png 319w, https:\/\/restonsunis.com\/wp-content\/uploads\/2022\/11\/cuvedairain-282x300.png 282w\" sizes=\"(max-width: 319px) 100vw, 319px\" \/><\/figure><\/div>\n\n\n<h2 class=\"has-text-align-center wp-embed-aspect-16-9 wp-has-aspect-ratio wp-block-heading\">3. Cuve d&#8217;airain : Le renouvellement<\/h2>\n\n\n\n<p class=\"has-text-align-center wp-embed-aspect-16-9 wp-has-aspect-ratio has-medium-font-size\"><strong>\ud83d\ude4f Pri\u00e8re d&#8217;engagement et de renouvellement<\/strong><\/p>\n\n\n\n<ul type=\"video\" class=\"wp-embed-aspect-16-9 wp-has-aspect-ratio has-medium-font-size wp-block-list\">\n<li>Priez pour un renouvellement de votre vie d&#8217;engagement, de cons\u00e9cration et de fid\u00e9lit\u00e9 \u00e0 l&#8217;\u00c9ternel, dans les grandes et les moindres choses. Faites silence pour laisser Dieu vous parlez par sa parole.<\/li>\n\n\n\n<li>Identifiez ce que vous aimeriez que Dieu transforme dans votre vie.<\/li>\n<\/ul>\n\n\n\n<div style=\"height:100px\" aria-hidden=\"true\" class=\"wp-block-spacer wp-embed-aspect-16-9 wp-has-aspect-ratio\"><\/div>\n\n\n<div class=\"wp-block-image\">\n<figure class=\"aligncenter size-full is-resized\"><img decoding=\"async\" src=\"https:\/\/restonsunis.com\/wp-content\/uploads\/2022\/11\/tabledespains.png\" alt=\"\" class=\"wp-image-8592\" width=\"272\" srcset=\"https:\/\/restonsunis.com\/wp-content\/uploads\/2022\/11\/tabledespains.png 725w, https:\/\/restonsunis.com\/wp-content\/uploads\/2022\/11\/tabledespains-300x140.png 300w\" sizes=\"(max-width: 725px) 100vw, 725px\" \/><\/figure><\/div>\n\n\n<h2 class=\"has-text-align-center wp-embed-aspect-16-9 wp-has-aspect-ratio wp-block-heading\">4. Table des pains : La Parole de Dieu<\/h2>\n\n\n\n<p class=\"has-text-align-center wp-embed-aspect-16-9 wp-has-aspect-ratio has-medium-font-size\"><strong>\ud83d\udcd6  Lecture<\/strong><\/p>\n\n\n\n<h3 class=\"wp-embed-aspect-16-9 wp-has-aspect-ratio wp-block-heading\">La typologie du Sanctuaire dans l&#8217;\u00e9p\u00eetre aux H\u00e9breux<\/h3>\n\n\n\n<blockquote class=\"wp-block-quote wp-embed-aspect-16-9 wp-has-aspect-ratio has-medium-font-size is-layout-flow wp-block-quote-is-layout-flow\">\n<p>En effet, la loi qui poss\u00e8de une ombre des biens \u00e0 venir, et non l\u2019exacte repr\u00e9sentation des choses, ne peut jamais, par les m\u00eames sacrifices qu\u2019on offre perp\u00e9tuellement chaque ann\u00e9e, amener les assistants \u00e0 la perfection.\u00a0<\/p>\n<cite>H\u00e9breux 10:1<\/cite><\/blockquote>\n\n\n\n<p class=\"has-medium-font-size\">Les chapitres 7 \u00e0 10 de l\u2019\u00e9p\u00eetre aux H\u00e9breux fournissent la description biblique la plus compl\u00e8te de l\u2019accomplissement des symboles du sanctuaire dans les trois actes du minist\u00e8re expiatoire de J\u00e9sus. Premi\u00e8rement, la mort sacrificielle du Christ \u00ab une fois pour toutes \u00bb est pr\u00e9sent\u00e9e comme \u00e9tant l\u2019accomplissement antitypique de tout le syst\u00e8me sacrificiel de l\u2019Ancien Testament (He 10.1-4,11,12 ; 9.13,25,26). Deuxi\u00e8mement, apr\u00e8s son ascension, Christ est entr\u00e9 dans le sanctuaire c\u00e9leste pour l\u2019inaugurer, pour commencer officiellement les services en sa qualit\u00e9 de Souverain sacrificateur-roi, ainsi que son minist\u00e8re de M\u00e9diateur (tamid) dans le lieu saint : \u00ab Il peut sauver parfaitement ceux qui s\u2019approchent de Dieu par lui, \u00e9tant toujours vivant pour interc\u00e9der en leur faveur \u00bb (He 7.25 ; voir He 10.20).\u00a0<\/p>\n\n\n\n<p class=\"has-medium-font-size\">Troisi\u00e8mement, du point de vue de l\u2019ap\u00f4tre du premier si\u00e8cle de notre \u00e8re, l\u2019\u0153uvre de jugement du jour des expiations \u00e9tait encore \u00e0 venir : \u00ab Et comme il est r\u00e9serv\u00e9 aux hommes de mourir une seule fois, apr\u00e8s quoi vient le jugement, de m\u00eame Christ, qui s\u2019est offert une seule fois pour porter les p\u00e9ch\u00e9s de plusieurs, appara\u00eetra sans p\u00e9ch\u00e9 une seconde fois \u00e0 ceux qui l\u2019attendent pour leur salut. \u00bb (He 9.27,28 ; voir He 10.26,31)&nbsp;<\/p>\n\n\n\n<p class=\"has-medium-font-size\">L\u2019\u00e9p\u00eetre aux H\u00e9breux ne se contente pas de d\u00e9crire les activit\u00e9s du Christ dans le drame de l\u2019expiation ; elle met aussi l\u2019accent de mani\u00e8re unique sur ce que Dieu invite son peuple \u00e0 vivre pendant cette p\u00e9riode ! \u00c0 quatre reprises, l\u2019auteur de cette \u00e9p\u00eetre invite son peuple \u00e0 venir au sanctuaire c\u00e9leste : \u00e0 s\u2019approcher \u00ab avec assurance du tr\u00f4ne de la gr\u00e2ce \u00bb (He 4.16) ; \u00e0 p\u00e9n\u00e9-trer \u00ab au-del\u00e0 du voile, l\u00e0 o\u00f9 J\u00e9sus est entr\u00e9 pour nous comme un pr\u00e9curseur \u00bb (He. 6.19,20, NBS) ; \u00e0 avoir \u00ab l\u2019assurance d\u2019un libre acc\u00e8s au sanctuaire [c\u00e9leste] par le sang de J\u00e9sus \u00bb (He 10.19, NBS) ; et \u00e0 prendre conscience que nous nous sommes approch\u00e9s \u00ab de la montagne de Sion, de la cit\u00e9 du Dieu vivant, la J\u00e9rusalem c\u00e9leste, [\u2026] de J\u00e9sus qui est le m\u00e9diateur de la nouvelle alliance \u00bb (He 12.22-24). Dieu ne nous invite pas seulement \u00e0 venir de temps en temps, par la foi, au sanctuaire c\u00e9leste, mais aussi \u00e0 vivre la vie du sanctuaire, en y faisant continuellement, par la foi, l\u2019exp\u00e9rience de la pr\u00e9sence glorieuse de Dieu dans son sanctuaire c\u00e9leste.<\/p>\n\n\n\n<p class=\"wp-embed-aspect-16-9 wp-has-aspect-ratio\"><em>Richard M. Davidson est professeur d\u2019interpr\u00e9tation de l\u2019Ancien Testament au S\u00e9minaire adventiste de th\u00e9ologie J. N. Andrews, \u00e0 l\u2019Universit\u00e9 Andrews. Extrait de l\u2019article \u201cSanctuaire, vivre en la pr\u00e9sence de Dieu\u201d, AW de mars 2022<\/em><\/p>\n\n\n\n<div style=\"height:100px\" aria-hidden=\"true\" class=\"wp-block-spacer wp-embed-aspect-16-9 wp-has-aspect-ratio\"><\/div>\n\n\n<div class=\"wp-block-image\">\n<figure class=\"aligncenter size-full is-resized\"><img decoding=\"async\" src=\"https:\/\/restonsunis.com\/wp-content\/uploads\/2022\/11\/chandelierallume.png\" alt=\"\" class=\"wp-image-8601\" width=\"182\" srcset=\"https:\/\/restonsunis.com\/wp-content\/uploads\/2022\/11\/chandelierallume.png 358w, https:\/\/restonsunis.com\/wp-content\/uploads\/2022\/11\/chandelierallume-286x300.png 286w\" sizes=\"(max-width: 358px) 100vw, 358px\" \/><\/figure><\/div>\n\n\n<h2 class=\"has-text-align-center wp-embed-aspect-16-9 wp-has-aspect-ratio wp-block-heading\">5. Chandelier : Le Saint-Esprit<\/h2>\n\n\n\n<p class=\"has-text-align-center wp-embed-aspect-16-9 wp-has-aspect-ratio has-medium-font-size\"><strong>\ud83d\ude4f Pri\u00e8re pour le Saint-Esprit<\/strong><\/p>\n\n\n\n<ul type=\"video\" class=\"wp-embed-aspect-16-9 wp-has-aspect-ratio has-medium-font-size wp-block-list\">\n<li>Demandez au Saint-Esprit d&#8217;\u00e9clairer le texte et le commentaire que vous venez de lire.<\/li>\n\n\n\n<li>Priez pour l&#8217;effusion du Saint-Esprit.<\/li>\n<\/ul>\n\n\n\n<div style=\"height:100px\" aria-hidden=\"true\" class=\"wp-block-spacer wp-embed-aspect-16-9 wp-has-aspect-ratio\"><\/div>\n\n\n<div class=\"wp-block-image\">\n<figure class=\"aligncenter size-full is-resized\"><img decoding=\"async\" src=\"https:\/\/restonsunis.com\/wp-content\/uploads\/2022\/11\/auteldesparfums.png\" alt=\"\" class=\"wp-image-8602\" width=\"168\" srcset=\"https:\/\/restonsunis.com\/wp-content\/uploads\/2022\/11\/auteldesparfums.png 727w, https:\/\/restonsunis.com\/wp-content\/uploads\/2022\/11\/auteldesparfums-300x155.png 300w\" sizes=\"(max-width: 727px) 100vw, 727px\" \/><\/figure><\/div>\n\n\n<h2 class=\"has-text-align-center wp-embed-aspect-16-9 wp-has-aspect-ratio wp-block-heading\">6. Autel des parfums : L&#8217;intercession<\/h2>\n\n\n\n<p class=\"has-text-align-center wp-embed-aspect-16-9 wp-has-aspect-ratio has-medium-font-size\"><strong>\ud83d\ude4f Sujets de pri\u00e8re<\/strong><\/p>\n\n\n\n<ul type=\"video\" class=\"wp-embed-aspect-16-9 wp-has-aspect-ratio has-medium-font-size wp-block-list\">\n<li>Priez pour le renouveau de l&#8217;\u00e9glise adventiste dans le monde et particuli\u00e8rement \u00e0 La R\u00e9union<\/li>\n\n\n\n<li>Priez pour votre \u00e9glise, ses membres et ses responsables<\/li>\n\n\n\n<li>Priez sp\u00e9cifiquement pour<strong> l&#8217;\u00e9glise de Philadelphie<\/strong>, son pasteur, ses responsables, et ses membres. Que l&#8217;\u00c9ternel \u00e9claire leur chemin et leurs d\u00e9cisions.<\/li>\n\n\n\n<li>Demandez au Seigneur de vous aider \u00e0 vivre un vie pri\u00e8re plus intense.<\/li>\n\n\n\n<li>Priez pour vos sujets personnels et les besoins de vos proches et connaissances<\/li>\n<\/ul>\n\n\n\n<p class=\"has-medium-font-size\">\ud83d\udd8a <em style=\"font-weight: bold;\">Si ce n&#8217;est pas d\u00e9j\u00e0 le cas, c&#8217;est le moment d&#8217;avoir un journal de pri\u00e8re pour noter les sujets de vos soeurs et fr\u00e8res, voisins, amis&#8230;<\/em><\/p>\n\n\n\n<div class=\"wp-block-buttons wp-embed-aspect-16-9 wp-has-aspect-ratio is-layout-flex wp-block-buttons-is-layout-flex\">\n<div class=\"wp-block-button\"><a class=\"wp-block-button__link wp-element-button\" href=\"https:\/\/restonsunis.com\/index.php\/a-votre-ecoute\/\">Transmettre un sujet de pri\u00e8re, un t\u00e9moignage&#8230;<\/a><\/div>\n<\/div>\n\n\n\n<p class=\"wp-embed-aspect-16-9 wp-has-aspect-ratio has-medium-font-size\"><em>Sujets de pri\u00e8re de l&#8217;\u00e9glise mondiale :<\/em><\/p>\n\n\n\n<ul type=\"video\" class=\"wp-embed-aspect-16-9 wp-has-aspect-ratio has-medium-font-size wp-block-list\">\n<li>Priez pour les &#8220;centres d&#8217;influence&#8221; qui se d\u00e9veloppent dans les villes du monde entier. Priez pour l&#8217;initiative Mission to the Cities et pour que des travailleurs r\u00e9pondent \u00e0 l&#8217;appel au service. Il y a encore tant de grandes zones urbaines sans pr\u00e9sence adventiste.<\/li>\n\n\n\n<li>Priez pour l&#8217;Union du Moyen-Orient et de l&#8217;Afrique du Nord (MENA) et pour le travail difficile dans cette r\u00e9gion. Priez pour que le Saint-Esprit ouvre les portes et les c\u0153urs.<\/li>\n\n\n\n<li>Priez pour les missionnaires de la Conf\u00e9rence g\u00e9n\u00e9rale qui travaillent avec les Missions adventistes, ainsi que pour les missionnaires qui travaillent avec ASAP Ministries, Jesus for Asia, Adventist Frontier Missions et d&#8217;autres.<\/li>\n\n\n\n<li>Priez pour les croyants en Iran. Ce pays compte pr\u00e8s de 84 millions d&#8217;habitants, et il n&#8217;y a pas d&#8217;\u00e9glise adventiste officielle ni de membres.<\/li>\n\n\n\n<li>Priez pour que Dieu ouvre les portes de la Cor\u00e9e du Nord. Priez pour les croyants chr\u00e9tiens qui y vivent cach\u00e9s et\/ou qui souffrent pour leur foi.<\/li>\n<\/ul>\n\n\n\n<div style=\"height:100px\" aria-hidden=\"true\" class=\"wp-block-spacer wp-embed-aspect-16-9 wp-has-aspect-ratio\"><\/div>\n\n\n<div class=\"wp-block-image\">\n<figure class=\"aligncenter size-large is-resized\"><img decoding=\"async\" src=\"https:\/\/restonsunis.com\/wp-content\/uploads\/2022\/11\/archedelalliance-1024x484.png\" alt=\"\" class=\"wp-image-8603\" width=\"331\" srcset=\"https:\/\/restonsunis.com\/wp-content\/uploads\/2022\/11\/archedelalliance-1024x484.png 1024w, https:\/\/restonsunis.com\/wp-content\/uploads\/2022\/11\/archedelalliance-300x142.png 300w, https:\/\/restonsunis.com\/wp-content\/uploads\/2022\/11\/archedelalliance-768x363.png 768w, https:\/\/restonsunis.com\/wp-content\/uploads\/2022\/11\/archedelalliance.png 1038w\" sizes=\"(max-width: 1024px) 100vw, 1024px\" \/><\/figure><\/div>\n\n\n<h2 class=\"has-text-align-center wp-embed-aspect-16-9 wp-has-aspect-ratio wp-block-heading\">7. Autel de l&#8217;alliance : Rester en communion avec Dieu<\/h2>\n\n\n\n<p class=\"has-text-align-center wp-embed-aspect-16-9 wp-has-aspect-ratio has-medium-font-size\"><strong>\ud83d\udcd6  Lecture<\/strong><\/p>\n\n\n\n<blockquote class=\"wp-block-quote wp-embed-aspect-16-9 wp-has-aspect-ratio has-medium-font-size is-layout-flow wp-block-quote-is-layout-flow\">\n<p>Je demande \u00e0 l&#8217;Eternel une chose, que je d\u00e9sire ardemment : Je voudrais habiter toute ma vie dans la maison de l&#8217;Eternel, Pour contempler la magnificence de l&#8217;Eternel et pour admirer son temple.<\/p>\n<cite>Psaumes 27.4<\/cite><\/blockquote>\n\n\n\n<p class=\"has-text-align-center wp-embed-aspect-16-9 wp-has-aspect-ratio has-medium-font-size\">\ud83c\udfb5 <strong>M\u00e9ditation musicale<\/strong><\/p>\n\n\n\n<figure class=\"wp-block-embed is-type-video is-provider-youtube wp-block-embed-youtube wp-embed-aspect-16-9 wp-has-aspect-ratio\"><div class=\"wp-block-embed__wrapper\">\n<iframe loading=\"lazy\" title=\"I Have Decided To Follow Jesus | Hymn | Instrumental Piano With Lyrics | Worship\" width=\"770\" height=\"433\" src=\"https:\/\/www.youtube.com\/embed\/htA13Vq6ohg?feature=oembed\" frameborder=\"0\" allow=\"accelerometer; autoplay; clipboard-write; encrypted-media; gyroscope; picture-in-picture\" allowfullscreen><\/iframe>\n<\/div><\/figure>\n\n\n\n<blockquote class=\"wp-block-quote wp-embed-aspect-16-9 wp-has-aspect-ratio has-medium-font-size is-layout-flow wp-block-quote-is-layout-flow\">\n<p class=\"has-text-align-center\"><strong>\ud83d\ude4f B\u00e9n\u00e9diction<\/strong><\/p>\n\n\n\n<p>Heureux ceux qui gardent ses instructions, qui le cherchent de tout leur c\u0153ur.<\/p>\n<cite>Psaume 119:2<\/cite><\/blockquote>\n","protected":false},"excerpt":{"rendered":"<p>Le sanctuaire est un mod\u00e8le pour la pri\u00e8re. Des portes du parvis jusqu&#8217;\u00e0 l&#8217;Arche de l&#8217;alliance, c&#8217;est&hellip;<\/p>\n","protected":false},"author":1,"featured_media":8621,"comment_status":"closed","ping_status":"open","sticky":false,"template":"","format":"standard","meta":{"footnotes":""},"categories":[140],"tags":[],"class_list":["post-8716","post","type-post","status-publish","format-standard","has-post-thumbnail","hentry","category-le-sanctuaire-un-modele-pour-la-priere"],"_links":{"self":[{"href":"https:\/\/restonsunis.com\/index.php\/wp-json\/wp\/v2\/posts\/8716","targetHints":{"allow":["GET"]}}],"collection":[{"href":"https:\/\/restonsunis.com\/index.php\/wp-json\/wp\/v2\/posts"}],"about":[{"href":"https:\/\/restonsunis.com\/index.php\/wp-json\/wp\/v2\/types\/post"}],"author":[{"embeddable":true,"href":"https:\/\/restonsunis.com\/index.php\/wp-json\/wp\/v2\/users\/1"}],"replies":[{"embeddable":true,"href":"https:\/\/restonsunis.com\/index.php\/wp-json\/wp\/v2\/comments?post=8716"}],"version-history":[{"count":2,"href":"https:\/\/restonsunis.com\/index.php\/wp-json\/wp\/v2\/posts\/8716\/revisions"}],"predecessor-version":[{"id":8720,"href":"https:\/\/restonsunis.com\/index.php\/wp-json\/wp\/v2\/posts\/8716\/revisions\/8720"}],"wp:featuredmedia":[{"embeddable":true,"href":"https:\/\/restonsunis.com\/index.php\/wp-json\/wp\/v2\/media\/8621"}],"wp:attachment":[{"href":"https:\/\/restonsunis.com\/index.php\/wp-json\/wp\/v2\/media?parent=8716"}],"wp:term":[{"taxonomy":"category","embeddable":true,"href":"https:\/\/restonsunis.com\/index.php\/wp-json\/wp\/v2\/categories?post=8716"},{"taxonomy":"post_tag","embeddable":true,"href":"https:\/\/restonsunis.com\/index.php\/wp-json\/wp\/v2\/tags?post=8716"}],"curies":[{"name":"wp","href":"https:\/\/api.w.org\/{rel}","templated":true}]}}