{"id":8877,"date":"2022-12-26T01:00:00","date_gmt":"2022-12-25T21:00:00","guid":{"rendered":"https:\/\/restonsunis.com\/?p=8877"},"modified":"2022-12-26T19:08:40","modified_gmt":"2022-12-26T15:08:40","slug":"le-sanctuaire-modele-pour-la-priere-jour-36","status":"publish","type":"post","link":"https:\/\/restonsunis.com\/index.php\/2022\/12\/26\/le-sanctuaire-modele-pour-la-priere-jour-36\/","title":{"rendered":"Le Sanctuaire, mod\u00e8le pour la pri\u00e8re &#8211; Jour 36"},"content":{"rendered":"\n<p class=\"wp-embed-aspect-16-9 wp-has-aspect-ratio has-medium-font-size\">Le sanctuaire est un mod\u00e8le pour la pri\u00e8re. Des portes du parvis jusqu&#8217;\u00e0 l&#8217;Arche de l&#8217;alliance, c&#8217;est un parcours de communion avec Dieu. Le sanctuaire est une invitation \u00e0 exp\u00e9rimenter la pr\u00e9sence de l&#8217;\u00c9ternel avec et en nous.<\/p>\n\n\n\n<p class=\"has-text-align-center wp-embed-aspect-16-9 wp-has-aspect-ratio has-strong-cyan-color has-text-color has-medium-font-size\"><strong>Voici une suggestion de programme pour aujourd&#8217;hui.<\/strong><\/p>\n\n\n\n<h1 class=\"has-text-align-center wp-embed-aspect-16-9 wp-has-aspect-ratio wp-block-heading\">Lundi 26 d\u00e9cembre 2022<\/h1>\n\n\n<div class=\"wp-block-image\">\n<figure class=\"aligncenter size-large is-resized\"><img decoding=\"async\" src=\"https:\/\/restonsunis.com\/wp-content\/uploads\/2022\/11\/lesportes-1024x260.png\" alt=\"\" class=\"wp-image-8584\" width=\"311\" srcset=\"https:\/\/restonsunis.com\/wp-content\/uploads\/2022\/11\/lesportes-1024x260.png 1024w, https:\/\/restonsunis.com\/wp-content\/uploads\/2022\/11\/lesportes-300x76.png 300w, https:\/\/restonsunis.com\/wp-content\/uploads\/2022\/11\/lesportes-768x195.png 768w, https:\/\/restonsunis.com\/wp-content\/uploads\/2022\/11\/lesportes.png 1280w\" sizes=\"(max-width: 1024px) 100vw, 1024px\" \/><\/figure><\/div>\n\n\n<h2 class=\"has-text-align-center wp-embed-aspect-16-9 wp-has-aspect-ratio wp-block-heading\">1. Portes du parvis : La louange<\/h2>\n\n\n\n<p class=\"has-text-align-center wp-embed-aspect-16-9 wp-has-aspect-ratio has-medium-font-size\"><strong>\ud83d\ude4c Louange<\/strong><\/p>\n\n\n\n<figure class=\"wp-block-embed is-type-video is-provider-youtube wp-block-embed-youtube wp-embed-aspect-16-9 wp-has-aspect-ratio\"><div class=\"wp-block-embed__wrapper\">\n<iframe loading=\"lazy\" title=\"AU DESSUS DE TOUT - Rachel Blondeau -  de Paul Baloche et Lenny Leblanc\" width=\"770\" height=\"433\" src=\"https:\/\/www.youtube.com\/embed\/ih8czXkw8hs?feature=oembed\" frameborder=\"0\" allow=\"accelerometer; autoplay; clipboard-write; encrypted-media; gyroscope; picture-in-picture\" allowfullscreen><\/iframe>\n<\/div><\/figure>\n\n\n\n<div style=\"height:100px\" aria-hidden=\"true\" class=\"wp-block-spacer wp-embed-aspect-16-9 wp-has-aspect-ratio\"><\/div>\n\n\n<div class=\"wp-block-image\">\n<figure class=\"aligncenter size-full is-resized\"><img decoding=\"async\" src=\"https:\/\/restonsunis.com\/wp-content\/uploads\/2022\/11\/auteldesholocaustes.png\" alt=\"\" class=\"wp-image-8585\" width=\"118\" srcset=\"https:\/\/restonsunis.com\/wp-content\/uploads\/2022\/11\/auteldesholocaustes.png 491w, https:\/\/restonsunis.com\/wp-content\/uploads\/2022\/11\/auteldesholocaustes-273x300.png 273w\" sizes=\"(max-width: 491px) 100vw, 491px\" \/><\/figure><\/div>\n\n\n<h2 class=\"has-text-align-center wp-embed-aspect-16-9 wp-has-aspect-ratio wp-block-heading\">2. Autel des holocaustes : La pri\u00e8re de confession<\/h2>\n\n\n\n<p class=\"has-text-align-center wp-embed-aspect-16-9 wp-has-aspect-ratio has-medium-font-size\"><strong>\ud83d\udcd6  Lecture<\/strong><\/p>\n\n\n\n<blockquote class=\"wp-block-quote wp-embed-aspect-16-9 wp-has-aspect-ratio has-medium-font-size is-layout-flow wp-block-quote-is-layout-flow\">\n<p>Beaucoup s&#8217;\u00e9tonnent que Dieu ait exig\u00e9 des Juifs tant de victimes \u00e9gorg\u00e9es en sacrifice, mais il fallait graver dans leur esprit la grande et solennelle v\u00e9rit\u00e9 selon laquelle il n&#8217;y a pas de pardon sans effusion de sang. Une le\u00e7on \u00e9tait concr\u00e9tis\u00e9e par chaque sacrifice, imprim\u00e9e par chaque c\u00e9r\u00e9monie, solennellement pr\u00each\u00e9e par les pr\u00eatres lors des services sacr\u00e9s, et inculqu\u00e9e par Dieu lui-m\u00eame \u2014 cette grande v\u00e9rit\u00e9 que le pardon des p\u00e9ch\u00e9s n&#8217;est possible que par le sang du Christ.<\/p>\n<cite>Ellen G. White, Levez vos yeux en haut, p. 211<\/cite><\/blockquote>\n\n\n\n<p class=\"has-text-align-center wp-embed-aspect-16-9 wp-has-aspect-ratio has-medium-font-size\">\ud83d\ude4f <strong>Pri\u00e8re de confession<\/strong><\/p>\n\n\n\n<ul type=\"video\" class=\"wp-embed-aspect-16-9 wp-has-aspect-ratio has-medium-font-size wp-block-list\">\n<li>Adressez \u00e0 l&#8217;\u00c9ternel une pri\u00e8re de confession. Citez les p\u00e9ch\u00e9s que vous avez commis avec l&#8217;assurance de leur pardon : <em>&#8220;Si nous confessons nos p\u00e9ch\u00e9s, il est fid\u00e8le et juste pour nous les pardonner, et pour nous purifier de toute iniquit\u00e9.&#8221; 1 Jn 1.9  <\/em><\/li>\n<\/ul>\n\n\n\n<div style=\"height:100px\" aria-hidden=\"true\" class=\"wp-block-spacer wp-embed-aspect-16-9 wp-has-aspect-ratio\"><\/div>\n\n\n<div class=\"wp-block-image\">\n<figure class=\"aligncenter size-full is-resized\"><img decoding=\"async\" src=\"https:\/\/restonsunis.com\/wp-content\/uploads\/2022\/11\/cuvedairain.png\" alt=\"\" class=\"wp-image-8591\" width=\"134\" srcset=\"https:\/\/restonsunis.com\/wp-content\/uploads\/2022\/11\/cuvedairain.png 319w, https:\/\/restonsunis.com\/wp-content\/uploads\/2022\/11\/cuvedairain-282x300.png 282w\" sizes=\"(max-width: 319px) 100vw, 319px\" \/><\/figure><\/div>\n\n\n<h2 class=\"has-text-align-center wp-embed-aspect-16-9 wp-has-aspect-ratio wp-block-heading\">3. Cuve d&#8217;airain : Le renouvellement<\/h2>\n\n\n\n<p class=\"has-text-align-center wp-embed-aspect-16-9 wp-has-aspect-ratio has-medium-font-size\"><strong>\ud83d\ude4f Pri\u00e8re d&#8217;engagement et de renouvellement<\/strong><\/p>\n\n\n\n<ul type=\"video\" class=\"wp-embed-aspect-16-9 wp-has-aspect-ratio has-medium-font-size wp-block-list\">\n<li>Priez pour un renouvellement de votre vie d&#8217;engagement, de cons\u00e9cration et de fid\u00e9lit\u00e9 \u00e0 l&#8217;\u00c9ternel, dans les grandes et les moindres choses. Faites silence pour laisser Dieu vous parlez par sa parole.<\/li>\n\n\n\n<li>Identifiez ce que vous aimeriez que Dieu transforme dans votre vie.<\/li>\n<\/ul>\n\n\n\n<div style=\"height:100px\" aria-hidden=\"true\" class=\"wp-block-spacer wp-embed-aspect-16-9 wp-has-aspect-ratio\"><\/div>\n\n\n<div class=\"wp-block-image\">\n<figure class=\"aligncenter size-full is-resized\"><img decoding=\"async\" src=\"https:\/\/restonsunis.com\/wp-content\/uploads\/2022\/11\/tabledespains.png\" alt=\"\" class=\"wp-image-8592\" width=\"272\" srcset=\"https:\/\/restonsunis.com\/wp-content\/uploads\/2022\/11\/tabledespains.png 725w, https:\/\/restonsunis.com\/wp-content\/uploads\/2022\/11\/tabledespains-300x140.png 300w\" sizes=\"(max-width: 725px) 100vw, 725px\" \/><\/figure><\/div>\n\n\n<h2 class=\"has-text-align-center wp-embed-aspect-16-9 wp-has-aspect-ratio wp-block-heading\">4. Table des pains : La Parole de Dieu<\/h2>\n\n\n\n<p class=\"has-text-align-center wp-embed-aspect-16-9 wp-has-aspect-ratio has-medium-font-size\"><strong>\ud83d\udcd6  Lecture<\/strong><\/p>\n\n\n\n<h3 class=\"wp-embed-aspect-16-9 wp-has-aspect-ratio wp-block-heading\"><strong><strong>Une vie pour une autre<\/strong><\/strong><\/h3>\n\n\n\n<blockquote class=\"wp-block-quote has-medium-font-size is-layout-flow wp-block-quote-is-layout-flow\">\n<p>Si un homme de la maison d&#8217;Isra\u00ebl ou des \u00e9trangers qui s\u00e9journent au milieu d&#8217;eux mange du sang d&#8217;une esp\u00e8ce quelconque, je tournerai ma face contre celui qui mange le sang, et je le retrancherai du milieu de son peuple. Car l&#8217;\u00e2me de la chair est dans le sang. Je vous l&#8217;ai donn\u00e9 sur l&#8217;autel, afin qu&#8217;il serv\u00eet d&#8217;expiation pour vos \u00e2mes, car c&#8217;est par l&#8217;\u00e2me que le sang fait l&#8217;expiation.<\/p>\n<cite>L\u00e9vitique 17:10,11<\/cite><\/blockquote>\n\n\n\n<p class=\"has-medium-font-size\">Dans un passage o\u00f9 Dieu recommande aux Israelites de ne pas manger de sang, Il propose une explication int\u00e9ressante \u00e0 cette interdiction: le sang est l\u2019\u00e9quivalent de la vie et Dieu a fait du sang sacrificiel la ran\u00e7on de la vie humaine. Une vie, repr\u00e9sent\u00e9e par le sang, est offerte en ran\u00e7on pour une autre. Le principe de substitution, devenu explicite sur le mont Moriya quand Abraham a offert le sang du b\u00e9lier \u00e0 la place du sang de son fils, est profond\u00e9ment ancr\u00e9 dans les exigences l\u00e9gales de Dieu \u00e0 l\u2019\u00e9gard d\u2019Isra\u00ebl.<\/p>\n\n\n\n<p class=\"has-medium-font-size\">Comme dans&nbsp;<a href=\"http:\/\/www.biblegateway.com\/passage\/?search=Gn%2022&amp;version=LSG\" target=\"_blank\" rel=\"noreferrer noopener\">Gn 22<\/a>, Dieu montre que c\u2019est lui qui procure les moyens de l\u2019expiation. En h\u00e9breu, l\u2019expression \u00ab&nbsp;<em>c\u2019est moi<\/em>&nbsp;\u00bb \u2014 \u00ab&nbsp;<em>c\u2019est moi qui l\u2019ai plac\u00e9 pour vous<\/em>&nbsp;\u00bb (<a href=\"http:\/\/www.biblegateway.com\/passage\/?search=Lv%2017.11&amp;version=LSG\" target=\"_blank\" rel=\"noreferrer noopener\">Lv 17.11<\/a>) est \u00e9galement emphatique. Nous ne pouvons offrir nous-m\u00eames la ran\u00e7on. C\u2019est \u00e0 Dieu de le faire.<\/p>\n\n\n\n<p class=\"has-medium-font-size\">Cette notion est diff\u00e9rente dans les autres religions qui font appel \u00e0 des sacrifices. Dans la Bible, ce n\u2019est par l\u2019\u00eatre humain qui s\u2019approche de Dieu et sait comment l\u2019apaiser; c\u2019est plut\u00f4t Dieu qui procure \u00e0 l&#8217;\u00eatre humain le moyen d\u2019entrer en sa sainte pr\u00e9sence. Et, en Christ, il pourvoit lui-m\u00eame au sang de la ran\u00e7on.<\/p>\n\n\n\n<p class=\"has-medium-font-size\">Il n\u2019a jamais \u00e9t\u00e9 dans l\u2019intention de Dieu que le service sacrificiel remplace l\u2019attitude du c\u0153ur; au contraire, les sacrifices devaient ouvrir le c\u0153ur du fid\u00e8le au Seigneur. Quand on perd de vue le fait que les sacrifices exprimaient la relation spirituelle entre Dieu et l\u2019\u00eatre humain et qu\u2019ils portaient l\u2019attention sur un sacrifice plus grand, J\u00e9sus-Christ, on a tendance \u00e0 consid\u00e9rer le rituel sacrificiel comme un moyen d\u2019expiation automatique. En dehors des sacrifices, Dieu veut que notre c\u0153ur soit int\u00e8gre \u00e0 ses yeux (<a href=\"http:\/\/www.biblegateway.com\/passage\/?search=Ps%2051.18-19&amp;version=LSG\" target=\"_blank\" rel=\"noreferrer noopener\">Ps 51.18, 19<\/a>). Les proph\u00e8tes isra\u00e9lites accusaient constamment le peuple de manifester une fausse pi\u00e9t\u00e9 et l\u2019exhortaient \u00e0 agir \u00ab selon l\u2019\u00e9quit\u00e9 \u00bb, \u00e0 aimer \u00ab&nbsp;<em>la fid\u00e9lit\u00e9<\/em>&nbsp;\u00bb et \u00e0 marcher \u00ab&nbsp;<em>modestement<\/em>&nbsp;\u00bb avec leur Dieu (<a href=\"http:\/\/www.biblegateway.com\/passage\/?search=Michee%206.6-8;%20Esaie%201.10-17&amp;version=LSG\" target=\"_blank\" rel=\"noreferrer noopener\">Mi 6.6-8; cf Es 1.10-1 7<\/a>,).<\/p>\n\n\n\n<p class=\"has-medium-font-size\"><strong>Dans quelle mesure le danger exprim\u00e9 ci-dessus nous guette-t-il? Pourquoi avons-nous du mal \u00e0 r\u00e9aliser que nous agissons peut-\u00eatre exactement comme les anciens Israelites! Comment \u00e9viter une telle erreur?<\/strong><\/p>\n\n\n\n<div style=\"height:100px\" aria-hidden=\"true\" class=\"wp-block-spacer wp-embed-aspect-16-9 wp-has-aspect-ratio\"><\/div>\n\n\n<div class=\"wp-block-image\">\n<figure class=\"aligncenter size-full is-resized\"><img decoding=\"async\" src=\"https:\/\/restonsunis.com\/wp-content\/uploads\/2022\/11\/chandelierallume.png\" alt=\"\" class=\"wp-image-8601\" width=\"182\" srcset=\"https:\/\/restonsunis.com\/wp-content\/uploads\/2022\/11\/chandelierallume.png 358w, https:\/\/restonsunis.com\/wp-content\/uploads\/2022\/11\/chandelierallume-286x300.png 286w\" sizes=\"(max-width: 358px) 100vw, 358px\" \/><\/figure><\/div>\n\n\n<h2 class=\"has-text-align-center wp-embed-aspect-16-9 wp-has-aspect-ratio wp-block-heading\">5. Chandelier : Le Saint-Esprit<\/h2>\n\n\n\n<p class=\"has-text-align-center wp-embed-aspect-16-9 wp-has-aspect-ratio has-medium-font-size\"><strong>\ud83d\ude4f Pri\u00e8re pour le Saint-Esprit<\/strong><\/p>\n\n\n\n<ul type=\"video\" class=\"wp-embed-aspect-16-9 wp-has-aspect-ratio has-medium-font-size wp-block-list\">\n<li>Demandez au Saint-Esprit d&#8217;\u00e9clairer le texte et le commentaire que vous venez de lire.<\/li>\n\n\n\n<li>Priez pour l&#8217;effusion du Saint-Esprit.<\/li>\n<\/ul>\n\n\n\n<div style=\"height:100px\" aria-hidden=\"true\" class=\"wp-block-spacer wp-embed-aspect-16-9 wp-has-aspect-ratio\"><\/div>\n\n\n<div class=\"wp-block-image\">\n<figure class=\"aligncenter size-full is-resized\"><img decoding=\"async\" src=\"https:\/\/restonsunis.com\/wp-content\/uploads\/2022\/11\/auteldesparfums.png\" alt=\"\" class=\"wp-image-8602\" width=\"168\" srcset=\"https:\/\/restonsunis.com\/wp-content\/uploads\/2022\/11\/auteldesparfums.png 727w, https:\/\/restonsunis.com\/wp-content\/uploads\/2022\/11\/auteldesparfums-300x155.png 300w\" sizes=\"(max-width: 727px) 100vw, 727px\" \/><\/figure><\/div>\n\n\n<h2 class=\"has-text-align-center wp-embed-aspect-16-9 wp-has-aspect-ratio wp-block-heading\">6. Autel des parfums : L&#8217;intercession<\/h2>\n\n\n\n<p class=\"has-text-align-center wp-embed-aspect-16-9 wp-has-aspect-ratio has-medium-font-size\"><strong>\ud83d\ude4f Sujets de pri\u00e8re<\/strong><\/p>\n\n\n\n<ul type=\"video\" class=\"wp-embed-aspect-16-9 wp-has-aspect-ratio has-medium-font-size wp-block-list\">\n<li>Priez pour le renouveau de l&#8217;\u00e9glise adventiste dans le monde et particuli\u00e8rement \u00e0 La R\u00e9union<\/li>\n\n\n\n<li>Priez pour votre \u00e9glise, ses membres et ses responsables<\/li>\n\n\n\n<li>Priez sp\u00e9cifiquement pour<strong> l&#8217;\u00e9glise du Tampon<\/strong>, son pasteur, ses responsables, et ses membres. Que l&#8217;\u00c9ternel \u00e9claire leur chemin et leurs d\u00e9cisions.<\/li>\n\n\n\n<li>Demandez au Seigneur de vous aider \u00e0 vivre un vie pri\u00e8re plus intense.<\/li>\n\n\n\n<li>Priez pour vos sujets personnels et les besoins de vos proches et connaissances<\/li>\n<\/ul>\n\n\n\n<p class=\"has-medium-font-size\">\ud83d\udd8a <em style=\"font-weight: bold;\">Si ce n&#8217;est pas d\u00e9j\u00e0 le cas, c&#8217;est le moment d&#8217;avoir un journal de pri\u00e8re pour noter les sujets de vos soeurs et fr\u00e8res, voisins, amis&#8230;<\/em><\/p>\n\n\n\n<div class=\"wp-block-buttons wp-embed-aspect-16-9 wp-has-aspect-ratio is-layout-flex wp-block-buttons-is-layout-flex\">\n<div class=\"wp-block-button\"><a class=\"wp-block-button__link wp-element-button\" href=\"https:\/\/restonsunis.com\/index.php\/a-votre-ecoute\/\">Transmettre un sujet de pri\u00e8re, un t\u00e9moignage&#8230;<\/a><\/div>\n<\/div>\n\n\n\n<p class=\"wp-embed-aspect-16-9 wp-has-aspect-ratio has-medium-font-size\"><em>Sujets de pri\u00e8re de l&#8217;\u00e9glise mondiale :<\/em><\/p>\n\n\n\n<ul type=\"video\" class=\"wp-embed-aspect-16-9 wp-has-aspect-ratio has-medium-font-size wp-block-list\">\n<li>Priez pour les 10 jours de pri\u00e8re qui se d\u00e9rouleront du 11 au 21 janvier 2023, sur le th\u00e8me du Retour \u00e0 l&#8217;autel. Priez pour que de nombreuses \u00e9glises et groupes du monde entier y participent.<\/li>\n\n\n\n<li>Continuez \u00e0 prier pour que les personnes et les familles du monde entier soient ramen\u00e9es chaque jour \u00e0 l&#8217;autel, l&#8217;autel de Dieu, pour y \u00eatre ador\u00e9es, et qu&#8217;elles fassent l&#8217;exp\u00e9rience personnelle de ce que cela signifie de marcher quotidiennement avec J\u00e9sus.<\/li>\n\n\n\n<li>Priez pour que nous consid\u00e9rions chaque \u00e9preuve comme une raison de faire confiance \u00e0 Dieu et de le louer davantage, tout comme Paul et Silas ont lou\u00e9 Dieu m\u00eame lorsqu&#8217;ils \u00e9taient encha\u00een\u00e9s.<\/li>\n\n\n\n<li>Priez pour la sant\u00e9 des personnes \u00e2g\u00e9es et des personnes immunod\u00e9prim\u00e9es alors que nous entrons dans les mois les plus froids de l&#8217;h\u00e9misph\u00e8re Nord.<\/li>\n\n\n\n<li>Priez pour les r\u00e9fugi\u00e9s dans vos villes et villages locaux qui luttent pour survivre, rester au chaud, ou qui sont priv\u00e9s d&#8217;\u00eatres chers en cette p\u00e9riode de l&#8217;ann\u00e9e. Priez pour savoir comment vous pouvez leur tendre la main et les aider.<\/li>\n<\/ul>\n\n\n\n<div style=\"height:100px\" aria-hidden=\"true\" class=\"wp-block-spacer wp-embed-aspect-16-9 wp-has-aspect-ratio\"><\/div>\n\n\n<div class=\"wp-block-image\">\n<figure class=\"aligncenter size-large is-resized\"><img decoding=\"async\" src=\"https:\/\/restonsunis.com\/wp-content\/uploads\/2022\/11\/archedelalliance-1024x484.png\" alt=\"\" class=\"wp-image-8603\" width=\"331\" srcset=\"https:\/\/restonsunis.com\/wp-content\/uploads\/2022\/11\/archedelalliance-1024x484.png 1024w, https:\/\/restonsunis.com\/wp-content\/uploads\/2022\/11\/archedelalliance-300x142.png 300w, https:\/\/restonsunis.com\/wp-content\/uploads\/2022\/11\/archedelalliance-768x363.png 768w, https:\/\/restonsunis.com\/wp-content\/uploads\/2022\/11\/archedelalliance.png 1038w\" sizes=\"(max-width: 1024px) 100vw, 1024px\" \/><\/figure><\/div>\n\n\n<h2 class=\"has-text-align-center wp-embed-aspect-16-9 wp-has-aspect-ratio wp-block-heading\">7. Autel de l&#8217;alliance : Rester en communion avec Dieu<\/h2>\n\n\n\n<p class=\"has-text-align-center wp-embed-aspect-16-9 wp-has-aspect-ratio has-medium-font-size\"><strong>\ud83d\udcd6  Lecture<\/strong><\/p>\n\n\n\n<blockquote class=\"wp-block-quote wp-embed-aspect-16-9 wp-has-aspect-ratio has-medium-font-size is-layout-flow wp-block-quote-is-layout-flow\">\n<p>Les visages de ceux qui entretiennent une communion vivante avec Dieu refl\u00e8teront sa lumi\u00e8re. Les enfants d\u00e9testent la noirceur des nuages et la tristesse. Leurs c\u0153urs r\u00e9pondent \u00e0 la vivacit\u00e9, \u00e0 la joie, \u00e0 l\u2019amour.<\/p>\n<cite>Ellen G. White, Conseils pour l&#8217;Ecole du Sabbat, p. 53<\/cite><\/blockquote>\n\n\n\n<p class=\"has-text-align-center wp-embed-aspect-16-9 wp-has-aspect-ratio has-medium-font-size\">\ud83c\udfb5 <strong>M\u00e9ditation musicale<\/strong><\/p>\n\n\n\n<figure class=\"wp-block-embed is-type-video is-provider-youtube wp-block-embed-youtube wp-embed-aspect-16-9 wp-has-aspect-ratio\"><div class=\"wp-block-embed__wrapper\">\n<iframe loading=\"lazy\" title=\"Great is Thy Faithfulness - instrumental hymn\" width=\"770\" height=\"433\" src=\"https:\/\/www.youtube.com\/embed\/Ht7IyVZkJug?feature=oembed\" frameborder=\"0\" allow=\"accelerometer; autoplay; clipboard-write; encrypted-media; gyroscope; picture-in-picture\" allowfullscreen><\/iframe>\n<\/div><\/figure>\n\n\n\n<p class=\"has-text-align-center has-medium-font-size\"><strong>\ud83d\ude4f B\u00e9n\u00e9diction<\/strong><\/p>\n\n\n\n<blockquote class=\"wp-block-quote has-medium-font-size is-layout-flow wp-block-quote-is-layout-flow\">\n<p>Son ma\u00eetre lui dit: C\u2019est bien, bon et fid\u00e8le serviteur; tu as \u00e9t\u00e9 fid\u00e8le en peu de chose, je te confierai beaucoup; entre dans la joie de ton ma\u00eetre.<\/p>\n<cite>Matthieu 25:21<\/cite><\/blockquote>\n\n\n\n<blockquote class=\"wp-block-quote has-medium-font-size is-layout-flow wp-block-quote-is-layout-flow\">\n<p><\/p>\n\n\n\n<p><\/p>\n<\/blockquote>\n","protected":false},"excerpt":{"rendered":"<p>Le sanctuaire est un mod\u00e8le pour la pri\u00e8re. Des portes du parvis jusqu&#8217;\u00e0 l&#8217;Arche de l&#8217;alliance, c&#8217;est&hellip;<\/p>\n","protected":false},"author":1,"featured_media":8621,"comment_status":"closed","ping_status":"open","sticky":false,"template":"","format":"standard","meta":{"footnotes":""},"categories":[140],"tags":[],"class_list":["post-8877","post","type-post","status-publish","format-standard","has-post-thumbnail","hentry","category-le-sanctuaire-un-modele-pour-la-priere"],"_links":{"self":[{"href":"https:\/\/restonsunis.com\/index.php\/wp-json\/wp\/v2\/posts\/8877","targetHints":{"allow":["GET"]}}],"collection":[{"href":"https:\/\/restonsunis.com\/index.php\/wp-json\/wp\/v2\/posts"}],"about":[{"href":"https:\/\/restonsunis.com\/index.php\/wp-json\/wp\/v2\/types\/post"}],"author":[{"embeddable":true,"href":"https:\/\/restonsunis.com\/index.php\/wp-json\/wp\/v2\/users\/1"}],"replies":[{"embeddable":true,"href":"https:\/\/restonsunis.com\/index.php\/wp-json\/wp\/v2\/comments?post=8877"}],"version-history":[{"count":2,"href":"https:\/\/restonsunis.com\/index.php\/wp-json\/wp\/v2\/posts\/8877\/revisions"}],"predecessor-version":[{"id":8882,"href":"https:\/\/restonsunis.com\/index.php\/wp-json\/wp\/v2\/posts\/8877\/revisions\/8882"}],"wp:featuredmedia":[{"embeddable":true,"href":"https:\/\/restonsunis.com\/index.php\/wp-json\/wp\/v2\/media\/8621"}],"wp:attachment":[{"href":"https:\/\/restonsunis.com\/index.php\/wp-json\/wp\/v2\/media?parent=8877"}],"wp:term":[{"taxonomy":"category","embeddable":true,"href":"https:\/\/restonsunis.com\/index.php\/wp-json\/wp\/v2\/categories?post=8877"},{"taxonomy":"post_tag","embeddable":true,"href":"https:\/\/restonsunis.com\/index.php\/wp-json\/wp\/v2\/tags?post=8877"}],"curies":[{"name":"wp","href":"https:\/\/api.w.org\/{rel}","templated":true}]}}