{"id":8908,"date":"2023-01-01T01:00:00","date_gmt":"2022-12-31T21:00:00","guid":{"rendered":"https:\/\/restonsunis.com\/?p=8908"},"modified":"2022-12-31T16:24:33","modified_gmt":"2022-12-31T12:24:33","slug":"le-sanctuaire-modele-pour-la-priere-jour-42","status":"publish","type":"post","link":"https:\/\/restonsunis.com\/index.php\/2023\/01\/01\/le-sanctuaire-modele-pour-la-priere-jour-42\/","title":{"rendered":"Le Sanctuaire, mod\u00e8le pour la pri\u00e8re &#8211; Jour 42"},"content":{"rendered":"\n<p class=\"wp-embed-aspect-16-9 wp-has-aspect-ratio has-medium-font-size\">Le sanctuaire est un mod\u00e8le pour la pri\u00e8re. Des portes du parvis jusqu&#8217;\u00e0 l&#8217;Arche de l&#8217;alliance, c&#8217;est un parcours de communion avec Dieu. Le sanctuaire est une invitation \u00e0 exp\u00e9rimenter la pr\u00e9sence de l&#8217;\u00c9ternel avec et en nous.<\/p>\n\n\n\n<p class=\"has-text-align-center wp-embed-aspect-16-9 wp-has-aspect-ratio has-strong-cyan-color has-text-color has-medium-font-size\"><strong>Voici une suggestion de programme pour aujourd&#8217;hui.<\/strong><\/p>\n\n\n\n<h1 class=\"has-text-align-center wp-embed-aspect-16-9 wp-has-aspect-ratio wp-block-heading\">Dimanche 1er janvier 2022<\/h1>\n\n\n<div class=\"wp-block-image\">\n<figure class=\"aligncenter size-large is-resized\"><img decoding=\"async\" src=\"https:\/\/restonsunis.com\/wp-content\/uploads\/2022\/11\/lesportes-1024x260.png\" alt=\"\" class=\"wp-image-8584\" width=\"311\" srcset=\"https:\/\/restonsunis.com\/wp-content\/uploads\/2022\/11\/lesportes-1024x260.png 1024w, https:\/\/restonsunis.com\/wp-content\/uploads\/2022\/11\/lesportes-300x76.png 300w, https:\/\/restonsunis.com\/wp-content\/uploads\/2022\/11\/lesportes-768x195.png 768w, https:\/\/restonsunis.com\/wp-content\/uploads\/2022\/11\/lesportes.png 1280w\" sizes=\"(max-width: 1024px) 100vw, 1024px\" \/><\/figure><\/div>\n\n\n<h2 class=\"has-text-align-center wp-embed-aspect-16-9 wp-has-aspect-ratio wp-block-heading\">1. Portes du parvis : La louange<\/h2>\n\n\n\n<p class=\"has-text-align-center wp-embed-aspect-16-9 wp-has-aspect-ratio has-medium-font-size\"><strong>\ud83d\ude4c Louange<\/strong><\/p>\n\n\n\n<figure class=\"wp-block-embed is-type-video is-provider-youtube wp-block-embed-youtube wp-embed-aspect-16-9 wp-has-aspect-ratio\"><div class=\"wp-block-embed__wrapper\">\n<iframe loading=\"lazy\" title=\"Prosternons nous devant le roi JEM1 362\" width=\"770\" height=\"433\" src=\"https:\/\/www.youtube.com\/embed\/MnPyX4NqPRQ?feature=oembed\" frameborder=\"0\" allow=\"accelerometer; autoplay; clipboard-write; encrypted-media; gyroscope; picture-in-picture\" allowfullscreen><\/iframe>\n<\/div><\/figure>\n\n\n\n<div style=\"height:100px\" aria-hidden=\"true\" class=\"wp-block-spacer wp-embed-aspect-16-9 wp-has-aspect-ratio\"><\/div>\n\n\n<div class=\"wp-block-image\">\n<figure class=\"aligncenter size-full is-resized\"><img decoding=\"async\" src=\"https:\/\/restonsunis.com\/wp-content\/uploads\/2022\/11\/auteldesholocaustes.png\" alt=\"\" class=\"wp-image-8585\" width=\"118\" srcset=\"https:\/\/restonsunis.com\/wp-content\/uploads\/2022\/11\/auteldesholocaustes.png 491w, https:\/\/restonsunis.com\/wp-content\/uploads\/2022\/11\/auteldesholocaustes-273x300.png 273w\" sizes=\"(max-width: 491px) 100vw, 491px\" \/><\/figure><\/div>\n\n\n<h2 class=\"has-text-align-center wp-embed-aspect-16-9 wp-has-aspect-ratio wp-block-heading\">2. Autel des holocaustes : La pri\u00e8re de confession<\/h2>\n\n\n\n<p class=\"has-text-align-center wp-embed-aspect-16-9 wp-has-aspect-ratio has-medium-font-size\"><strong>\ud83d\udcd6  Lecture<\/strong><\/p>\n\n\n\n<blockquote class=\"wp-block-quote wp-embed-aspect-16-9 wp-has-aspect-ratio has-medium-font-size is-layout-flow wp-block-quote-is-layout-flow\">\n<p>Quand le Christ vint dans le monde, a la fois comme Fils de Dieu et comme Fils de l&#8217;homme, il ne fut pas compris des gens qui vivaient a cette \u00e9poque. Il s&#8217;abaissa jusqu&#8217;a revetir la nature humaine afin d&#8217;atteindre la race d\u00e9chue et de la relever.<\/p>\n<cite>Ellen G. White, T\u00e9moignage pour l&#8217;\u00e9glise, p. 401<\/cite><\/blockquote>\n\n\n\n<p class=\"has-text-align-center wp-embed-aspect-16-9 wp-has-aspect-ratio has-medium-font-size\">\ud83d\ude4f <strong>Pri\u00e8re de confession<\/strong><\/p>\n\n\n\n<ul type=\"video\" class=\"wp-embed-aspect-16-9 wp-has-aspect-ratio has-medium-font-size wp-block-list\">\n<li>Adressez \u00e0 l&#8217;\u00c9ternel une pri\u00e8re de confession. Citez les p\u00e9ch\u00e9s que vous avez commis avec l&#8217;assurance de leur pardon : <em>&#8220;Si nous confessons nos p\u00e9ch\u00e9s, il est fid\u00e8le et juste pour nous les pardonner, et pour nous purifier de toute iniquit\u00e9.&#8221; 1 Jn 1.9  <\/em><\/li>\n<\/ul>\n\n\n\n<div style=\"height:100px\" aria-hidden=\"true\" class=\"wp-block-spacer wp-embed-aspect-16-9 wp-has-aspect-ratio\"><\/div>\n\n\n<div class=\"wp-block-image\">\n<figure class=\"aligncenter size-full is-resized\"><img decoding=\"async\" src=\"https:\/\/restonsunis.com\/wp-content\/uploads\/2022\/11\/cuvedairain.png\" alt=\"\" class=\"wp-image-8591\" width=\"134\" srcset=\"https:\/\/restonsunis.com\/wp-content\/uploads\/2022\/11\/cuvedairain.png 319w, https:\/\/restonsunis.com\/wp-content\/uploads\/2022\/11\/cuvedairain-282x300.png 282w\" sizes=\"(max-width: 319px) 100vw, 319px\" \/><\/figure><\/div>\n\n\n<h2 class=\"has-text-align-center wp-embed-aspect-16-9 wp-has-aspect-ratio wp-block-heading\">3. Cuve d&#8217;airain : Le renouvellement<\/h2>\n\n\n\n<p class=\"has-text-align-center wp-embed-aspect-16-9 wp-has-aspect-ratio has-medium-font-size\"><strong>\ud83d\ude4f Pri\u00e8re d&#8217;engagement et de renouvellement<\/strong><\/p>\n\n\n\n<ul type=\"video\" class=\"wp-embed-aspect-16-9 wp-has-aspect-ratio has-medium-font-size wp-block-list\">\n<li>Priez pour un renouvellement de votre vie d&#8217;engagement, de cons\u00e9cration et de fid\u00e9lit\u00e9 \u00e0 l&#8217;\u00c9ternel, dans les grandes et les moindres choses. Faites silence pour laisser Dieu vous parlez par sa parole.<\/li>\n\n\n\n<li>Identifiez ce que vous aimeriez que Dieu transforme dans votre vie.<\/li>\n<\/ul>\n\n\n\n<div style=\"height:100px\" aria-hidden=\"true\" class=\"wp-block-spacer wp-embed-aspect-16-9 wp-has-aspect-ratio\"><\/div>\n\n\n<div class=\"wp-block-image\">\n<figure class=\"aligncenter size-full is-resized\"><img decoding=\"async\" src=\"https:\/\/restonsunis.com\/wp-content\/uploads\/2022\/11\/tabledespains.png\" alt=\"\" class=\"wp-image-8592\" width=\"272\" srcset=\"https:\/\/restonsunis.com\/wp-content\/uploads\/2022\/11\/tabledespains.png 725w, https:\/\/restonsunis.com\/wp-content\/uploads\/2022\/11\/tabledespains-300x140.png 300w\" sizes=\"(max-width: 725px) 100vw, 725px\" \/><\/figure><\/div>\n\n\n<h2 class=\"has-text-align-center wp-embed-aspect-16-9 wp-has-aspect-ratio wp-block-heading\">4. Table des pains : La Parole de Dieu<\/h2>\n\n\n\n<p class=\"has-text-align-center wp-embed-aspect-16-9 wp-has-aspect-ratio has-medium-font-size\"><strong>\ud83d\udcd6  Lecture<\/strong><\/p>\n\n\n\n<p class=\"has-medium-font-size\"><strong><strong>\u00ab Jusqu\u2019au jour o\u00f9 je suis entr\u00e9 dans la maison de Dieu \u00bb (Ps 73.17, SEM)<\/strong><\/strong><\/p>\n\n\n\n<blockquote class=\"wp-block-quote has-medium-font-size is-layout-flow wp-block-quote-is-layout-flow\">\n<p>Car il me prot\u00e9gera dans son tabernacle au jour du malheur, Il me cachera sous l&#8217;abri de sa tente; Il m&#8217;\u00e9l\u00e8vera sur un rocher.<\/p>\n<cite>Psaume 27:5<\/cite><\/blockquote>\n\n\n\n<p class=\"has-medium-font-size\">Souvent, dans les psaumes, nous voyons le sanctuaire jouer an r\u00f4le significatif dans la relation entre le fid\u00e8le et Dieu. La ferme conviction exprim\u00e9e par David \u00e0 la fin du psaume 23: \u00ab&nbsp;<em><strong>Je reviendrai dans la maison de l\u2019Eternel pour la dur\u00e9e de mes jours<\/strong><\/em>&nbsp;\u00bb (23.6. COL) est bien connue. Dans le psaume 27, le d\u00e9sir le plus cher de David \u00e9tait de demeurer en pr\u00e9sence de Yahveh, pr\u00e9sence dont on faisait avant tout l\u2019exp\u00e9rience dans le sanctuaire. Afin de montrer combien le sanctuaire lui \u00e9tait cher, David a fait appel \u00e0 tous les termes \u00e0 sa disposition pour s\u2019y r\u00e9f\u00e9rer, l\u2019appelant la maison du Seigneur, le temple, le tabernacle, la tente. C\u2019\u00e9tait en ce lieu qu\u2019on m\u00e9ditait et qu\u2019on contemplait \u00ab<em>&nbsp;la beaut\u00e9 du Seigneur<\/em>&nbsp;\u00bb (Ps 27.4).<\/p>\n\n\n\n<p class=\"has-medium-font-size\">Les activit\u00e9s de Dieu dans le sanctuaire illustrent des v\u00e9rit\u00e9s essentielles: il prot\u00e8ge le fid\u00e8le en le cachant dans le sanctuaire, m\u00eame lorsque les temps sont durs (<a href=\"http:\/\/www.biblegateway.com\/passage\/?search=Ps%2027.5&amp;version=LSG\" target=\"_blank\" rel=\"noreferrer noopener\">27.5<\/a>). Il procure \u00e0 tous ceux qui entrent dans sa pr\u00e9sence un refuge s\u00fbr et leur assure la paix de l\u2019esprit. Ces expressions relient la beaut\u00e9 de Dieu \u00e0 ce qu\u2019il fait pour son peuple. En outre, le service du sanctuaire, avec sa signification symbolique, t\u00e9moigne de la bont\u00e9 et de la justice divines.<\/p>\n\n\n\n<p class=\"has-medium-font-size\">Le d\u00e9sir le plus profond de David n\u2019\u00e9tait pas simplement d\u2019\u00eatre dans le sanctuaire, mais d\u2019y \u00eatre en pr\u00e9sence de Yahv\u00e9. C\u2019est pourquoi il \u00e9tait r\u00e9solu \u00e0 le rechercher \u00ab ardemment \u00bb, (<a rel=\"noreferrer noopener\" href=\"http:\/\/www.biblegateway.com\/passage\/?search=Ps%2027.4-8&amp;version=LSG\" target=\"_blank\">27.4, 8<\/a>).<\/p>\n\n\n\n<p class=\"has-medium-font-size\">Dans&nbsp;<a href=\"http:\/\/www.biblegateway.com\/passage\/?search=Ps%2073&amp;version=LSG\" target=\"_blank\" rel=\"noreferrer noopener\">Ps 73<\/a>, Asaph posait le probl\u00e8me de la souffrance. Il ne pouvait comprendre le succ\u00e8s apparent des m\u00e9chants (<a href=\"http:\/\/www.biblegateway.com\/passage\/?search=Ps%2073.4-12&amp;version=LSG\" target=\"_blank\" rel=\"noreferrer noopener\">73.4-12<\/a>,) quand des fid\u00e8les se trouvaient afflig\u00e9s. Lui-m\u00eame \u00e9tait presque tomb\u00e9 (<a href=\"http:\/\/www.biblegateway.com\/passage\/?search=Ps%2073.1-3&amp;version=LSG\" target=\"_blank\" rel=\"noreferrer noopener\">73.1-3<\/a>,), mais le fait d\u2019entrer dans le sanctuaire a tout chang\u00e9 pour lui (<a href=\"http:\/\/www.biblegateway.com\/passage\/?search=Ps%2073.13-17&amp;version=LSG\" target=\"_blank\" rel=\"noreferrer noopener\">73.13-17<\/a>). L\u00e0, Asaph a pris conscience de la puissance et de la gloire de Dieu telles que les mentionne David dans&nbsp;<a href=\"http:\/\/www.biblegateway.com\/passage\/?search=Ps%2063.2&amp;version=LSG\" target=\"_blank\" rel=\"noreferrer noopener\">Ps 63.2<\/a>&nbsp;et il a compris que les conditions actuelles changeraient un jour et que justice serait rendue. Il a pos\u00e9 un regard neuf sur la v\u00e9rit\u00e9 et re\u00e7u confirmation que finalement, les m\u00e9chants se trouvent sur une pente glissante (<a href=\"http:\/\/www.biblegateway.com\/passage\/?search=Ps%2073.18-20&amp;version=LSG\" target=\"_blank\" rel=\"noreferrer noopener\">Ps 73.18-20<\/a>) et que les fid\u00e8les sont en s\u00e9curit\u00e9 (<a href=\"http:\/\/www.biblegateway.com\/passage\/?search=ps%2073.21-28&amp;version=LSG\" target=\"_blank\" rel=\"noreferrer noopener\">73.21-28<\/a>). Pour ceux qui recherchent Dieu, le sanctuaire est un lieu qui redonne confiance, c\u2019est une forteresse o\u00f9 Dieu \u00ab&nbsp;<em>\u00e9l\u00e8vera sur un rocher<\/em>&nbsp;\u00bb, (Ps 27.5). Le service du sanctuaire enseigne qu\u2019il est alors possible de placer sa confiance dans la bont\u00e9 et la justice de Dieu<\/p>\n\n\n\n<div style=\"height:100px\" aria-hidden=\"true\" class=\"wp-block-spacer wp-embed-aspect-16-9 wp-has-aspect-ratio\"><\/div>\n\n\n<div class=\"wp-block-image\">\n<figure class=\"aligncenter size-full is-resized\"><img decoding=\"async\" src=\"https:\/\/restonsunis.com\/wp-content\/uploads\/2022\/11\/chandelierallume.png\" alt=\"\" class=\"wp-image-8601\" width=\"182\" srcset=\"https:\/\/restonsunis.com\/wp-content\/uploads\/2022\/11\/chandelierallume.png 358w, https:\/\/restonsunis.com\/wp-content\/uploads\/2022\/11\/chandelierallume-286x300.png 286w\" sizes=\"(max-width: 358px) 100vw, 358px\" \/><\/figure><\/div>\n\n\n<h2 class=\"has-text-align-center wp-embed-aspect-16-9 wp-has-aspect-ratio wp-block-heading\">5. Chandelier : Le Saint-Esprit<\/h2>\n\n\n\n<p class=\"has-text-align-center wp-embed-aspect-16-9 wp-has-aspect-ratio has-medium-font-size\"><strong>\ud83d\ude4f Pri\u00e8re pour le Saint-Esprit<\/strong><\/p>\n\n\n\n<ul type=\"video\" class=\"wp-embed-aspect-16-9 wp-has-aspect-ratio has-medium-font-size wp-block-list\">\n<li>Demandez au Saint-Esprit d&#8217;\u00e9clairer le texte et le commentaire que vous venez de lire.<\/li>\n\n\n\n<li>Priez pour l&#8217;effusion du Saint-Esprit.<\/li>\n<\/ul>\n\n\n\n<div style=\"height:100px\" aria-hidden=\"true\" class=\"wp-block-spacer wp-embed-aspect-16-9 wp-has-aspect-ratio\"><\/div>\n\n\n<div class=\"wp-block-image\">\n<figure class=\"aligncenter size-full is-resized\"><img decoding=\"async\" src=\"https:\/\/restonsunis.com\/wp-content\/uploads\/2022\/11\/auteldesparfums.png\" alt=\"\" class=\"wp-image-8602\" width=\"168\" srcset=\"https:\/\/restonsunis.com\/wp-content\/uploads\/2022\/11\/auteldesparfums.png 727w, https:\/\/restonsunis.com\/wp-content\/uploads\/2022\/11\/auteldesparfums-300x155.png 300w\" sizes=\"(max-width: 727px) 100vw, 727px\" \/><\/figure><\/div>\n\n\n<h2 class=\"has-text-align-center wp-embed-aspect-16-9 wp-has-aspect-ratio wp-block-heading\">6. Autel des parfums : L&#8217;intercession<\/h2>\n\n\n\n<p class=\"has-text-align-center wp-embed-aspect-16-9 wp-has-aspect-ratio has-medium-font-size\"><strong>\ud83d\ude4f Sujets de pri\u00e8re<\/strong><\/p>\n\n\n\n<ul type=\"video\" class=\"wp-embed-aspect-16-9 wp-has-aspect-ratio has-medium-font-size wp-block-list\">\n<li>Priez pour le renouveau de l&#8217;\u00e9glise adventiste dans le monde et particuli\u00e8rement \u00e0 La R\u00e9union<\/li>\n\n\n\n<li>Priez pour votre \u00e9glise, ses membres et ses responsables<\/li>\n\n\n\n<li>Priez sp\u00e9cifiquement pour<strong> le groupe de Saint-Benoit<\/strong>, son pasteur, ses responsables, et ses membres. Que l&#8217;\u00c9ternel \u00e9claire leur chemin et leurs d\u00e9cisions.<\/li>\n\n\n\n<li>Demandez au Seigneur de vous aider \u00e0 vivre un vie pri\u00e8re plus intense.<\/li>\n\n\n\n<li>Priez pour vos sujets personnels et les besoins de vos proches et connaissances<\/li>\n<\/ul>\n\n\n\n<p class=\"has-medium-font-size\">\ud83d\udd8a <em style=\"font-weight: bold;\">Si ce n&#8217;est pas d\u00e9j\u00e0 le cas, c&#8217;est le moment d&#8217;avoir un journal de pri\u00e8re pour noter les sujets de vos soeurs et fr\u00e8res, voisins, amis&#8230;<\/em><\/p>\n\n\n\n<div class=\"wp-block-buttons wp-embed-aspect-16-9 wp-has-aspect-ratio is-layout-flex wp-block-buttons-is-layout-flex\">\n<div class=\"wp-block-button\"><a class=\"wp-block-button__link wp-element-button\" href=\"https:\/\/restonsunis.com\/index.php\/a-votre-ecoute\/\">Transmettre un sujet de pri\u00e8re, un t\u00e9moignage&#8230;<\/a><\/div>\n<\/div>\n\n\n\n<p class=\"wp-embed-aspect-16-9 wp-has-aspect-ratio has-medium-font-size\"><em>Sujets de pri\u00e8re de l&#8217;\u00e9glise mondiale :<\/em><\/p>\n\n\n\n<ul type=\"video\" class=\"wp-embed-aspect-16-9 wp-has-aspect-ratio has-medium-font-size wp-block-list\">\n<li>Priez pour les 10 jours de pri\u00e8re qui se d\u00e9rouleront du 11 au 21 janvier 2023, sur le th\u00e8me du Retour \u00e0 l&#8217;autel. Priez pour que de nombreuses \u00e9glises et groupes du monde entier y participent.<\/li>\n\n\n\n<li>Priez pour que nous ayons tous un c\u0153ur renouvel\u00e9 pour Dieu et que nous lui sacrifiions tout sur l&#8217;autel au d\u00e9but de cette nouvelle ann\u00e9e.<\/li>\n\n\n\n<li>Priez pour la conf\u00e9rence &#8220;G\u00e9n\u00e9ration de jeunes pour Christ&#8221; qui se d\u00e9roule actuellement \u00e0 Phoenix, en Arizona. Priez pour que le Saint-Esprit agisse puissamment dans le c\u0153ur des jeunes.<\/li>\n\n\n\n<li>Priez pour la campagne de sensibilisation des jeunes du GYC qui aura lieu \u00e0 Phoenix cette semaine. Priez pour que des graines soient plant\u00e9es et qu&#8217;elles grandissent et portent du fruit pour l&#8217;\u00e9ternit\u00e9.<\/li>\n\n\n\n<li>Priez pour tous ceux qui voyagent et doivent faire face \u00e0 des annulations de vols. Priez pour que Dieu organise de nombreux rendez-vous divins au milieu des perturbations chaotiques des voyages.<\/li>\n<\/ul>\n\n\n\n<div style=\"height:100px\" aria-hidden=\"true\" class=\"wp-block-spacer wp-embed-aspect-16-9 wp-has-aspect-ratio\"><\/div>\n\n\n<div class=\"wp-block-image\">\n<figure class=\"aligncenter size-large is-resized\"><img decoding=\"async\" src=\"https:\/\/restonsunis.com\/wp-content\/uploads\/2022\/11\/archedelalliance-1024x484.png\" alt=\"\" class=\"wp-image-8603\" width=\"331\" srcset=\"https:\/\/restonsunis.com\/wp-content\/uploads\/2022\/11\/archedelalliance-1024x484.png 1024w, https:\/\/restonsunis.com\/wp-content\/uploads\/2022\/11\/archedelalliance-300x142.png 300w, https:\/\/restonsunis.com\/wp-content\/uploads\/2022\/11\/archedelalliance-768x363.png 768w, https:\/\/restonsunis.com\/wp-content\/uploads\/2022\/11\/archedelalliance.png 1038w\" sizes=\"(max-width: 1024px) 100vw, 1024px\" \/><\/figure><\/div>\n\n\n<h2 class=\"has-text-align-center wp-embed-aspect-16-9 wp-has-aspect-ratio wp-block-heading\">7. Autel de l&#8217;alliance : Rester en communion avec Dieu<\/h2>\n\n\n\n<p class=\"has-text-align-center wp-embed-aspect-16-9 wp-has-aspect-ratio has-medium-font-size\"><strong>\ud83d\udcd6  Lecture<\/strong><\/p>\n\n\n\n<blockquote class=\"wp-block-quote wp-embed-aspect-16-9 wp-has-aspect-ratio has-medium-font-size is-layout-flow wp-block-quote-is-layout-flow\">\n<p>Le Christ a promis de transformer son Eglise, de lui communiquer la lumi\u00e8re c\u00e9leste refl\u00e9tant la gloire d&#8217;Emmanuel. Sa volont\u00e9 est que chaque chr\u00e9tien soit environn\u00e9 d&#8217;une atmosph\u00e8re de lumi\u00e8re et de paix. Il n&#8217;y a pas de limite \u00e0 l&#8217;utilit\u00e9 de celui qui, mettant de c\u00f4t\u00e9 le moi, permet au Saint-Esprit d&#8217;op\u00e9rer dans son c\u0153ur.<\/p>\n<cite>Ellen G. White, Testimonies for the Church 3:245, 246, 247<\/cite><\/blockquote>\n\n\n\n<p class=\"has-text-align-center wp-embed-aspect-16-9 wp-has-aspect-ratio has-medium-font-size\">\ud83c\udfb5 <strong>M\u00e9ditation musicale<\/strong><\/p>\n\n\n\n<figure class=\"wp-block-embed is-type-video is-provider-youtube wp-block-embed-youtube wp-embed-aspect-16-9 wp-has-aspect-ratio\"><div class=\"wp-block-embed__wrapper\">\n<iframe loading=\"lazy\" title=\"Piano instrumental - Au pied de ton trone Eternel\" width=\"770\" height=\"433\" src=\"https:\/\/www.youtube.com\/embed\/knzp_-XFTCo?feature=oembed\" frameborder=\"0\" allow=\"accelerometer; autoplay; clipboard-write; encrypted-media; gyroscope; picture-in-picture\" allowfullscreen><\/iframe>\n<\/div><\/figure>\n\n\n\n<p class=\"has-text-align-center has-medium-font-size\"><strong>\ud83d\ude4f B\u00e9n\u00e9diction<\/strong><\/p>\n\n\n\n<blockquote class=\"wp-block-quote has-medium-font-size is-layout-flow wp-block-quote-is-layout-flow\">\n<p>Respecte ses prescriptions et ses commandements, que je te donne aujourd&#8217;hui, afin d\u2019\u00eatre heureux, toi et tes enfants apr\u00e8s toi, et de vivre longtemps sur le territoire que l&#8217;Eternel, ton Dieu, te donne en propri\u00e9t\u00e9 perp\u00e9tuelle.<\/p>\n<cite>Deut\u00e9ronome 4:40<\/cite><\/blockquote>\n\n\n\n<blockquote class=\"wp-block-quote has-medium-font-size is-layout-flow wp-block-quote-is-layout-flow\">\n<p><\/p>\n\n\n\n<p><\/p>\n<\/blockquote>\n","protected":false},"excerpt":{"rendered":"<p>Le sanctuaire est un mod\u00e8le pour la pri\u00e8re. Des portes du parvis jusqu&#8217;\u00e0 l&#8217;Arche de l&#8217;alliance, c&#8217;est&hellip;<\/p>\n","protected":false},"author":1,"featured_media":8621,"comment_status":"closed","ping_status":"open","sticky":false,"template":"","format":"standard","meta":{"footnotes":""},"categories":[140],"tags":[],"class_list":["post-8908","post","type-post","status-publish","format-standard","has-post-thumbnail","hentry","category-le-sanctuaire-un-modele-pour-la-priere"],"_links":{"self":[{"href":"https:\/\/restonsunis.com\/index.php\/wp-json\/wp\/v2\/posts\/8908","targetHints":{"allow":["GET"]}}],"collection":[{"href":"https:\/\/restonsunis.com\/index.php\/wp-json\/wp\/v2\/posts"}],"about":[{"href":"https:\/\/restonsunis.com\/index.php\/wp-json\/wp\/v2\/types\/post"}],"author":[{"embeddable":true,"href":"https:\/\/restonsunis.com\/index.php\/wp-json\/wp\/v2\/users\/1"}],"replies":[{"embeddable":true,"href":"https:\/\/restonsunis.com\/index.php\/wp-json\/wp\/v2\/comments?post=8908"}],"version-history":[{"count":1,"href":"https:\/\/restonsunis.com\/index.php\/wp-json\/wp\/v2\/posts\/8908\/revisions"}],"predecessor-version":[{"id":8909,"href":"https:\/\/restonsunis.com\/index.php\/wp-json\/wp\/v2\/posts\/8908\/revisions\/8909"}],"wp:featuredmedia":[{"embeddable":true,"href":"https:\/\/restonsunis.com\/index.php\/wp-json\/wp\/v2\/media\/8621"}],"wp:attachment":[{"href":"https:\/\/restonsunis.com\/index.php\/wp-json\/wp\/v2\/media?parent=8908"}],"wp:term":[{"taxonomy":"category","embeddable":true,"href":"https:\/\/restonsunis.com\/index.php\/wp-json\/wp\/v2\/categories?post=8908"},{"taxonomy":"post_tag","embeddable":true,"href":"https:\/\/restonsunis.com\/index.php\/wp-json\/wp\/v2\/tags?post=8908"}],"curies":[{"name":"wp","href":"https:\/\/api.w.org\/{rel}","templated":true}]}}