{"id":8955,"date":"2023-01-20T12:50:00","date_gmt":"2023-01-20T08:50:00","guid":{"rendered":"https:\/\/restonsunis.com\/?p=8955"},"modified":"2023-01-20T12:57:56","modified_gmt":"2023-01-20T08:57:56","slug":"se-tenir-a-la-breche-a-change-ma-vie","status":"publish","type":"post","link":"https:\/\/restonsunis.com\/index.php\/2023\/01\/20\/se-tenir-a-la-breche-a-change-ma-vie\/","title":{"rendered":"&#8220;Se tenir \u00e0 la br\u00e8che&#8221; a chang\u00e9 ma vie !"},"content":{"rendered":"\n<p class=\"has-medium-font-size\"><em>Par Marxianne Bacus Quijano-Aviles<\/em><\/p>\n\n\n\n<p class=\"has-medium-font-size\"><em>&#8220;Je cherche parmi eux un homme qui \u00e9l\u00e8ve un mur, qui se tienne \u00e0 la br\u00e8che devant moi en faveur du pays, afin que je ne le d\u00e9truise pas; mais je n\u2019en trouve point.&#8221; Ez\u00e9chiel 22:30<\/em><\/p>\n\n\n\n<p class=\"has-medium-font-size\">\u00c0 mesure que la pand\u00e9mie progressait en 2020, les temps devenaient de plus en plus difficiles pour moi et pour beaucoup d&#8217;autres. J&#8217;en voyais beaucoup souffrir de d\u00e9pression de tous c\u00f4t\u00e9s. \u00c0 l&#8217;\u00e9poque, je n&#8217;\u00e9tais adventiste que depuis cinq ans et j&#8217;avais besoin de quelqu&#8217;un qui puisse m&#8217;enseigner davantage sur la Parole de Dieu et la pri\u00e8re. J&#8217;avais \u00e9galement envie d&#8217;avoir un partenaire de pri\u00e8re et de pouvoir partager l&#8217;espoir et l&#8217;encouragement avec ceux qui m&#8217;entouraient. Apr\u00e8s le suicide d&#8217;un membre de notre communaut\u00e9 philippine en Tha\u00eflande, j&#8217;\u00e9tais d\u00e9termin\u00e9e \u00e0 faire quelque chose. J&#8217;ai donc commenc\u00e9 \u00e0 prier : &#8220;Seigneur, montre-moi comment aider \u00e0 all\u00e9ger le fardeau de ceux qui luttent afin qu&#8217;ils sachent qu&#8217;ils ne sont pas seuls dans cette pand\u00e9mie et cette crise. Envoie-moi aussi quelqu&#8217;un avec qui prier pour que je ne me sente pas si seule. J&#8217;ai besoin de quelqu&#8217;un qui me porte dans la pri\u00e8re quand je suis fatigu\u00e9 et las&#8221;.<\/p>\n\n\n\n<p class=\"has-medium-font-size\">Dieu a r\u00e9pondu \u00e0 cette pri\u00e8re peu de temps apr\u00e8s en envoyant quelqu&#8217;un pour prier avec moi. Il s&#8217;agissait m\u00eame d&#8217;un membre de ma propre \u00e9glise. Comme nous avons commenc\u00e9 \u00e0 passer de plus en plus de temps \u00e0 prier ensemble, j&#8217;ai \u00e9t\u00e9 convaincu d&#8217;acheter un compte Zoom premium pour que mon partenaire de pri\u00e8re et moi puissions parler et prier davantage. Pour \u00eatre honn\u00eate, j&#8217;avais un peu peur du co\u00fbt, et l&#8217;id\u00e9e me semblait \u00eatre un grand saut dans la foi. Cependant, Dieu m&#8217;a r\u00e9veill\u00e9 au milieu de la nuit, peu de temps apr\u00e8s, avec la forte impression que je devais aller de l&#8217;avant et le faire. Le lendemain, j&#8217;ai achet\u00e9 le compte Zoom Premium.<\/p>\n\n\n\n<p class=\"has-medium-font-size\">\u00c0 partir de ce moment-l\u00e0, mon partenaire de pri\u00e8re et moi avons commenc\u00e9 \u00e0 inviter d&#8217;autres amis \u00e0 se joindre \u00e0 notre temps de pri\u00e8re sur Zoom. Au fur et \u00e0 mesure que d&#8217;autres personnes se joignaient \u00e0 nous pour prier, les gens ont commenc\u00e9 \u00e0 partager leurs t\u00e9moignages de la fid\u00e9lit\u00e9 de Dieu. Notre petit groupe de 2-3 personnes priant et adorant ensemble quotidiennement s&#8217;est rapidement \u00e9largi \u00e0 10-15 personnes, puis \u00e0 30-40 personnes. Plut\u00f4t que de me sentir seule, ou de prier seule, Dieu avait rassembl\u00e9 de nombreuses personnes pour prier et s&#8217;encourager mutuellement. C&#8217;\u00e9tait une telle b\u00e9n\u00e9diction !<\/p>\n\n\n\n<p class=\"has-medium-font-size\">Bient\u00f4t, le compte Zoom s&#8217;est transform\u00e9 en un groupe de pri\u00e8re officiel pour la Tha\u00eflande appel\u00e9 &#8220;Thailand Prayer Call&#8221;, et bien s\u00fbr, je n&#8217;avais plus \u00e0 couvrir les frais de cotisation. De plus en plus de personnes se sont jointes au groupe. De plus en plus d&#8217;amis, de membres de l&#8217;\u00e9glise, et m\u00eame de responsables d&#8217;\u00e9glise du monde entier, y compris le pr\u00e9sident de notre Conf\u00e9rence g\u00e9n\u00e9rale, sont venus sur notre Thailand Prayer Call pour prier avec nous ou partager des t\u00e9moignages. Puis notre appel \u00e0 la pri\u00e8re a fusionn\u00e9 avec celui de la Pri\u00e8re Unie 24\/7, en tant que pays parmi d&#8217;autres dans le monde qui s&#8217;unissaient d\u00e9j\u00e0 dans la pri\u00e8re. L&#8217;opportunit\u00e9 de faire partie de cette famille de pri\u00e8re en expansion, compos\u00e9e de croyants du monde entier, a d\u00e9pass\u00e9 mes attentes et mes r\u00eaves les plus \u00e9lev\u00e9s ! Dieu \u00e9tait et reste si bon.<\/p>\n\n\n\n<p class=\"has-medium-font-size\">Aujourd&#8217;hui, je t\u00e9moigne de la gr\u00e2ce durable de Dieu qui nous a tous guid\u00e9s, y compris le minist\u00e8re de Pri\u00e8re Unie 24\/7. Nous f\u00eatons aujourd&#8217;hui le troisi\u00e8me anniversaire de notre partenariat officiel avec le minist\u00e8re United in Prayer pour l&#8217;\u00e9glise mondiale.<\/p>\n\n\n\n<p class=\"has-medium-font-size\">Pendant mon enfance, je ne faisais pas partie d&#8217;une famille adventiste et je n&#8217;ai jamais vraiment su \u00e0 quoi ressemblait une vraie pri\u00e8re. Lorsque je priais, c&#8217;\u00e9tait toujours pour moi, pour mes besoins et mes d\u00e9sirs. Je n&#8217;ai jamais port\u00e9 un fardeau pour les autres. Mais maintenant, Dieu m&#8217;a donn\u00e9 un tel fardeau pour le monde et pour les \u00e2mes qui m&#8217;entourent. Le fait de m&#8217;impr\u00e9gner de la pri\u00e8re unie m&#8217;a chang\u00e9 et continue de me changer. En agissant en tant qu&#8217;intercesseur pour les autres, j&#8217;ai eu la chance de voir directement comment Dieu agit. Je suis une professionnelle de la sant\u00e9, form\u00e9e comme infirmi\u00e8re, mais je ne travaille plus dans le domaine m\u00e9dical, \u00e0 essayer de sauver des vies. Maintenant, je suis missionnaire \u00e0 plein temps dans ce minist\u00e8re de la pri\u00e8re et j&#8217;essaie de sauver des \u00e2mes. Quel honneur de pouvoir all\u00e9ger le fardeau de ceux qui m&#8217;entourent.<\/p>\n\n\n\n<p class=\"has-medium-font-size\">Oui, c&#8217;\u00e9tait un grand acte de foi que de renoncer \u00e0 mon revenu et de faire confiance \u00e0 Dieu pour subvenir \u00e0 mes besoins. Bien plus que d&#8217;acheter un compte Zoom premium. Mais Dieu a \u00e9t\u00e9 si fid\u00e8le ! En plus de toutes ces b\u00e9n\u00e9dictions, j&#8217;ai le privil\u00e8ge d&#8217;entendre chaque jour des t\u00e9moignages sur la fa\u00e7on dont Dieu pourvoit aux besoins de ma grande famille de pri\u00e8re \u00e9largie. Il est fid\u00e8le \u00e0 sa parole, comme il le dit dans \u00c9ph\u00e9siens 3:20. Il fait vraiment beaucoup plus que tout ce que nous demandons ou pensons, selon sa puissance qui agit en nous. Commencer un groupe de pri\u00e8re et ensuite rejoindre 24\/7 United Prayer a \u00e9t\u00e9 la plus grande d\u00e9cision et un tournant dans ma vie.<\/p>\n\n\n\n<p class=\"has-medium-font-size\">Vous vous sentez seul ? Vous vous demandez si votre vie a un but ? Pourquoi ne pas demander \u00e0 Dieu de vous aider \u00e0 trouver un partenaire de pri\u00e8re ? Pourquoi ne pas commencer un minist\u00e8re d&#8217;intercession dans votre propre maison ou votre propre \u00e9glise et voir comment Dieu vous conduit ? Si vous \u00eates d\u00e9j\u00e0 un intercesseur actif, pourquoi ne pas encourager d&#8217;autres personnes \u00e0 se joindre \u00e0 vous en interc\u00e9dant activement pour les autres ?<\/p>\n\n\n\n<p class=\"has-medium-font-size\">Trouvez quelqu&#8217;un avec qui prier, faites une liste de pri\u00e8re et grandissez ensemble spirituellement. Mieux encore, aidez \u00e0 transformer le monde en vous pla\u00e7ant dans la br\u00e8che avec d&#8217;autres croyants du monde entier pour votre pays, votre foyer ou votre \u00e9glise mondiale. Nous avons besoin de plus d&#8217;intercesseurs de pri\u00e8re !<\/p>\n\n\n\n<p class=\"has-medium-font-size\">J&#8217;aimerais vous inviter, alors que nous terminons les 10 jours de pri\u00e8re officiels, \u00e0 continuer \u00e0 prier avec la famille de la Pri\u00e8re Unie 24\/7. Nous prions toujours pour qu&#8217;il y ait plus d&#8217;intercesseurs pour aider \u00e0 combler les br\u00e8ches dans ce mouvement de pri\u00e8re en pleine croissance. Nous prions \u00e9galement pour que de nombreux appels \u00e0 la pri\u00e8re et de nouveaux missionnaires de la pri\u00e8re soient lanc\u00e9s. N&#8217;oubliez pas que passer du temps aux pieds de J\u00e9sus est l&#8217;une des choses les plus gratifiantes que vous puissiez faire ! Je le sais. Je l&#8217;ai essay\u00e9 et cela a chang\u00e9 ma vie !<\/p>\n\n\n\n<p class=\"has-medium-font-size\"><em>Marxianne Bacus Quijano-Aviles \u00e9crit depuis la Tha\u00eflande, o\u00f9 elle travaille en tant que coordinatrice et facilitatrice de pri\u00e8re pour 24\/7 United Prayer. 24\/7 United Prayer fonctionne en partenariat avec l&#8217;initiative &#8220;United in Prayer&#8221; de la Conf\u00e9rence g\u00e9n\u00e9rale et soutient les minist\u00e8res de pri\u00e8re &#8220;Revival and Reformation&#8221; pour l&#8217;Eglise mondiale. Pour savoir comment vous impliquer ou soutenir ce minist\u00e8re de pri\u00e8re en constante expansion, veuillez consulter le site www.247unitedprayer.org.<\/em><\/p>\n\n\n\n<h3 class=\"has-medium-font-size wp-block-heading\">Sujets de pri\u00e8re de l\u2019\u00c9glise mondiale<\/h3>\n\n\n\n<h3 class=\"has-medium-font-size wp-block-heading\">20 &#8211; 26 janvier 2023<\/h3>\n\n\n\n<ul class=\"has-medium-font-size wp-block-list\">\n<li>Priez pour vous-m\u00eame et pour les autres croyants qui viennent de terminer les 10 jours de pri\u00e8re, afin que nous continuions tous \u00e0 chercher \u00e0 retourner \u00e0 l&#8217;autel chaque jour, \u00e0 passer du temps sans contrainte avec J\u00e9sus dans sa Parole et dans la pri\u00e8re.<\/li>\n\n\n\n<li>Priez pour que ceux qui ont particip\u00e9 aux 10 jours de pri\u00e8re continuent \u00e0 prier ensemble en tant que famille d&#8217;\u00e9glise, \u00e0 cr\u00e9er leurs propres cercles de pri\u00e8re ou \u00e0 se joindre \u00e0 un mouvement de pri\u00e8re mondial comme 24\/7 United Prayer.<\/li>\n\n\n\n<li>Priez pour que le Saint-Esprit soit d\u00e9vers\u00e9 sur les responsables de votre \u00e9glise, tant au niveau local que mondial, alors que nous avan\u00e7ons en 2023.<\/li>\n\n\n\n<li>Priez en particulier pour vos pasteurs, vos anciens et vos responsables de minist\u00e8re locaux. Priez pour leurs familles, car ceux qui sont en premi\u00e8re ligne subissent de lourdes attaques spirituelles.<\/li>\n\n\n\n<li>Priez pour que les enfants et les jeunes de votre \u00e9glise apprennent ce que signifie avoir une &#8220;exp\u00e9rience d&#8217;autel&#8221; quotidienne avec J\u00e9sus, dans le culte, dans la Parole et dans la pri\u00e8re.<\/li>\n<\/ul>\n","protected":false},"excerpt":{"rendered":"<p>Par Marxianne Bacus Quijano-Aviles &#8220;Je cherche parmi eux un homme qui \u00e9l\u00e8ve un mur, qui se tienne&hellip;<\/p>\n","protected":false},"author":1,"featured_media":8956,"comment_status":"closed","ping_status":"open","sticky":false,"template":"","format":"standard","meta":{"footnotes":""},"categories":[124],"tags":[],"class_list":["post-8955","post","type-post","status-publish","format-standard","has-post-thumbnail","hentry","category-unis-dans-la-priere"],"_links":{"self":[{"href":"https:\/\/restonsunis.com\/index.php\/wp-json\/wp\/v2\/posts\/8955","targetHints":{"allow":["GET"]}}],"collection":[{"href":"https:\/\/restonsunis.com\/index.php\/wp-json\/wp\/v2\/posts"}],"about":[{"href":"https:\/\/restonsunis.com\/index.php\/wp-json\/wp\/v2\/types\/post"}],"author":[{"embeddable":true,"href":"https:\/\/restonsunis.com\/index.php\/wp-json\/wp\/v2\/users\/1"}],"replies":[{"embeddable":true,"href":"https:\/\/restonsunis.com\/index.php\/wp-json\/wp\/v2\/comments?post=8955"}],"version-history":[{"count":1,"href":"https:\/\/restonsunis.com\/index.php\/wp-json\/wp\/v2\/posts\/8955\/revisions"}],"predecessor-version":[{"id":8957,"href":"https:\/\/restonsunis.com\/index.php\/wp-json\/wp\/v2\/posts\/8955\/revisions\/8957"}],"wp:featuredmedia":[{"embeddable":true,"href":"https:\/\/restonsunis.com\/index.php\/wp-json\/wp\/v2\/media\/8956"}],"wp:attachment":[{"href":"https:\/\/restonsunis.com\/index.php\/wp-json\/wp\/v2\/media?parent=8955"}],"wp:term":[{"taxonomy":"category","embeddable":true,"href":"https:\/\/restonsunis.com\/index.php\/wp-json\/wp\/v2\/categories?post=8955"},{"taxonomy":"post_tag","embeddable":true,"href":"https:\/\/restonsunis.com\/index.php\/wp-json\/wp\/v2\/tags?post=8955"}],"curies":[{"name":"wp","href":"https:\/\/api.w.org\/{rel}","templated":true}]}}