{"id":8963,"date":"2023-01-25T12:38:30","date_gmt":"2023-01-25T08:38:30","guid":{"rendered":"https:\/\/restonsunis.com\/?p=8963"},"modified":"2023-01-25T12:38:31","modified_gmt":"2023-01-25T08:38:31","slug":"eds-l04-des-offrandes-pour-jesus","status":"publish","type":"post","link":"https:\/\/restonsunis.com\/index.php\/2023\/01\/25\/eds-l04-des-offrandes-pour-jesus\/","title":{"rendered":"EDS-L04 : Des offrandes pour J\u00e9sus"},"content":{"rendered":"\n<h2 class=\"wp-block-heading\">Introduction de la le\u00e7on<\/h2>\n\n\n\n<p class=\"has-medium-font-size\">SABBAT APR\u00c8S-MIDI<\/p>\n\n\n\n<p class=\"has-medium-font-size\"><strong>Lecture de la semaine :<\/strong> 2 Corinthiens 9:6, 7; Deut. 16:17; Ps. 116:12-18; 1 Chron. 16:29; Marc 12:41-44; Marc 14:3-9.<\/p>\n\n\n\n<p class=\"has-medium-font-size\"><strong>Verset \u00e0 m\u00e9moriser :<\/strong> \u00ab Comment rendrai-je \u00e0 l\u2019\u00c9ternel tous ses bienfaits envers moi? J\u2019\u00e9l\u00e8verai la coupe des d\u00e9livrances, et j\u2019invoquerai le nom de l\u2019\u00c9ternel; j\u2019accomplirai mes v\u0153ux envers l\u2019\u00c9ternel, en pr\u00e9sence de tout son peuple \u00bb (Psaume 116:12-14, LSG).<\/p>\n\n\n\n<p class=\"has-medium-font-size\">En dehors de la dime, nous trouvons aussi des offrandes, issues des 90% en notre possession apr\u00e8s le pr\u00e9l\u00e8vement de la dime. C\u2019est l\u00e0 que commence la g\u00e9n\u00e9rosit\u00e9. Diff\u00e9rents types d\u2019offrandes \u00e9taient offertes, telles que les offrandes pour le p\u00e9ch\u00e9, donn\u00e9es en r\u00e9ponse \u00e0 la gr\u00e2ce de Dieu, ou les offrandes de remerciement, offertes en guise de reconnaissance pour la protection de Dieu et des b\u00e9n\u00e9dictions de sant\u00e9, de prosp\u00e9rit\u00e9, de puissance et du soutien. Il y avait aussi des offrandes pour les pauvres, et des offrandes pour construire et entretenir le lieu de culte.<\/p>\n\n\n\n<p class=\"has-medium-font-size\">Lorsque nous consid\u00e9rons l\u2019ampleur des dons que Dieu nous a faits, nous commencerons alors \u00e0 voir nos dons comme \u00e9tant plus qu\u2019un geste de g\u00e9n\u00e9rosit\u00e9. Nous apportons nos dons en r\u00e9ponse \u00e0 ce que Dieu a fait pour nous, en particulier dans le sacrifice de J\u00e9sus. \u00ab Nous l\u2019aimons, parce qu\u2019il nous a aim\u00e9s le premier \u00bb (1 Jean 4:19, LSG). L\u2019\u00e9glise, que ce soit au niveau local, au niveau de la F\u00e9d\u00e9ration ou dans le monde entier, utilise alors nos dons pour faire avancer la cause de Dieu. Cette semaine, nous passerons en revue ce que la Bible dit sur les offrandes dans le cadre de notre gestion des affaires de Dieu sur la terre.<\/p>\n\n\n\n<p class=\"has-medium-font-size\">\u00c9tudiez cette le\u00e7on pour le sabbat 28 janvier.<\/p>\n\n\n\n<h2 class=\"wp-block-heading\">R\u00e9sum\u00e9 en vid\u00e9o<\/h2>\n\n\n\n<figure class=\"wp-block-embed is-type-video is-provider-youtube wp-block-embed-youtube wp-embed-aspect-16-9 wp-has-aspect-ratio\"><div class=\"wp-block-embed__wrapper\">\n<iframe loading=\"lazy\" title=\"DES OFFRANDES POUR J\u00c9SUS\" width=\"770\" height=\"433\" src=\"https:\/\/www.youtube.com\/embed\/G5HtpKaBJ6c?feature=oembed\" frameborder=\"0\" allow=\"accelerometer; autoplay; clipboard-write; encrypted-media; gyroscope; picture-in-picture; web-share\" allowfullscreen><\/iframe>\n<\/div><\/figure>\n\n\n\n<div class=\"wp-block-cover is-light\"><span aria-hidden=\"true\" class=\"wp-block-cover__background has-cyan-bluish-gray-background-color has-background-dim-100 has-background-dim\"><\/span><div class=\"wp-block-cover__inner-container is-layout-flow wp-block-cover-is-layout-flow\">\n<h2 class=\"wp-block-heading\">SOMMAIRE DE L&#8217;ARTICLE<\/h2>\n\n\n\n<p class=\"has-medium-font-size\"><a href=\"#lecon\"><strong>Le\u00e7on compl\u00e8te + moniteur<\/strong><\/a><\/p>\n\n\n\n<p class=\"has-medium-font-size\"><strong><a href=\"#video\">Commentaires vid\u00e9os<\/a><\/strong><\/p>\n\n\n\n<p class=\"has-medium-font-size\"><strong><a href=\"#complement\">Compl\u00e9ments \u00e0 t\u00e9l\u00e9charger<\/a><\/strong><\/p>\n<\/div><\/div>\n\n\n\n<h2 class=\"wp-block-heading\" id=\"lecon\">Le\u00e7on compl\u00e8te<\/h2>\n\n\n\n<div data-wp-interactive=\"core\/file\" class=\"wp-block-file\"><object data-wp-bind--hidden=\"!state.hasPdfPreview\" hidden class=\"wp-block-file__embed\" data=\"https:\/\/restonsunis.com\/wp-content\/uploads\/2023\/01\/ABSG-23-Q1-FR-L04-T.pdf\" type=\"application\/pdf\" style=\"width:100%;height:600px\" aria-label=\"Contenu embarqu\u00e9 ABSG-23-Q1-FR-L04-T.\"><\/object><a id=\"wp-block-file--media-0df20d10-1086-4f5a-9adc-fa93ae7f099e\" href=\"https:\/\/restonsunis.com\/wp-content\/uploads\/2023\/01\/ABSG-23-Q1-FR-L04-T.pdf\">ABSG-23-Q1-FR-L04-T<\/a><a href=\"https:\/\/restonsunis.com\/wp-content\/uploads\/2023\/01\/ABSG-23-Q1-FR-L04-T.pdf\" class=\"wp-block-file__button wp-element-button\" download aria-describedby=\"wp-block-file--media-0df20d10-1086-4f5a-9adc-fa93ae7f099e\">T\u00e9l\u00e9charger<\/a><\/div>\n\n\n\n<div class=\"wp-block-cover\"><span aria-hidden=\"true\" class=\"wp-block-cover__background has-black-background-color has-background-dim-100 has-background-dim\"><\/span><div class=\"wp-block-cover__inner-container is-layout-flow wp-block-cover-is-layout-flow\">\n<h2 class=\"wp-block-heading\" id=\"video\">Commentaires vid\u00e9os<\/h2>\n\n\n\n<h3 class=\"wp-block-heading\">Espoir M\u00e9dias \u2022 3DS<\/h3>\n\n\n\n<figure class=\"wp-block-embed is-type-video is-provider-youtube wp-block-embed-youtube wp-embed-aspect-16-9 wp-has-aspect-ratio\"><div class=\"wp-block-embed__wrapper\">\n<iframe loading=\"lazy\" title=\"DES OFFRANDES POUR J\u00c9SUS | 3DS Le\u00e7on 4 | Avec Dominik, Daniel et Idelette\" width=\"770\" height=\"433\" src=\"https:\/\/www.youtube.com\/embed\/nuaxqVpXhn4?feature=oembed\" frameborder=\"0\" allow=\"accelerometer; autoplay; clipboard-write; encrypted-media; gyroscope; picture-in-picture; web-share\" allowfullscreen><\/iframe>\n<\/div><\/figure>\n\n\n\n<h3 class=\"wp-block-heading\">Eglise Saint-Georges \u2022 \u00c9cole du Sabbat<\/h3>\n\n\n\n<figure class=\"wp-block-embed is-type-video is-provider-youtube wp-block-embed-youtube wp-embed-aspect-16-9 wp-has-aspect-ratio\"><div class=\"wp-block-embed__wrapper\">\n<iframe loading=\"lazy\" title=\"Des offrandes pour J\u00e9sus (Le\u00e7on 4, 1er Trimestre 2023)\" width=\"770\" height=\"433\" src=\"https:\/\/www.youtube.com\/embed\/6kSLuJ8PZfE?feature=oembed\" frameborder=\"0\" allow=\"accelerometer; autoplay; clipboard-write; encrypted-media; gyroscope; picture-in-picture; web-share\" allowfullscreen><\/iframe>\n<\/div><\/figure>\n\n\n\n<h3 class=\"wp-block-heading\">FFN \u2022 \u00c9tude de l&#8217;\u00c9cole du Sabbat<\/h3>\n\n\n\n<figure class=\"wp-block-embed is-type-video is-provider-youtube wp-block-embed-youtube wp-embed-aspect-16-9 wp-has-aspect-ratio\"><div class=\"wp-block-embed__wrapper\">\n<iframe loading=\"lazy\" title=\"Des offrandes pour J\u00e9sus | E\u0301tude de l&#039;e\u0301cole du Sabbat 04 EDS | #adventisteffn\" width=\"770\" height=\"433\" src=\"https:\/\/www.youtube.com\/embed\/OgU04H8JVgI?feature=oembed\" frameborder=\"0\" allow=\"accelerometer; autoplay; clipboard-write; encrypted-media; gyroscope; picture-in-picture; web-share\" allowfullscreen><\/iframe>\n<\/div><\/figure>\n\n\n\n<h3 class=\"wp-block-heading\">Eglise de Morija \u2022 \u00c9mission Autrement Dit<\/h3>\n\n\n\n<figure class=\"wp-block-embed is-type-video is-provider-youtube wp-block-embed-youtube wp-embed-aspect-16-9 wp-has-aspect-ratio\"><div class=\"wp-block-embed__wrapper\">\n<iframe loading=\"lazy\" title=\"AUTREMENT DIT    Des offrandes pour Je\u0301sus 27 01 2023\" width=\"770\" height=\"433\" src=\"https:\/\/www.youtube.com\/embed\/T1yv8VnFeW0?feature=oembed\" frameborder=\"0\" allow=\"accelerometer; autoplay; clipboard-write; encrypted-media; gyroscope; picture-in-picture; web-share\" allowfullscreen><\/iframe>\n<\/div><\/figure>\n<\/div><\/div>\n\n\n\n<div style=\"height:100px\" aria-hidden=\"true\" class=\"wp-block-spacer\"><\/div>\n\n\n\n<div class=\"wp-block-cover is-light\"><span aria-hidden=\"true\" class=\"wp-block-cover__background has-cyan-bluish-gray-background-color has-background-dim-100 has-background-dim\"><\/span><div class=\"wp-block-cover__inner-container is-layout-flow wp-block-cover-is-layout-flow\">\n<h2 class=\"wp-block-heading\" id=\"complement\">Compl\u00e9ments \u00e0 t\u00e9l\u00e9charger<\/h2>\n\n\n\n<h3 class=\"wp-block-heading\">\u00c0 l&#8217;\u00e9coute du texte<\/h3>\n\n\n<div class=\"wp-block-image\">\n<figure class=\"alignleft size-full is-resized\"><img loading=\"lazy\" decoding=\"async\" src=\"https:\/\/restonsunis.com\/wp-content\/uploads\/2022\/11\/alecoutedutexte.png\" alt=\"\" class=\"wp-image-8430\" width=\"185\" height=\"125\" srcset=\"https:\/\/restonsunis.com\/wp-content\/uploads\/2022\/11\/alecoutedutexte.png 406w, https:\/\/restonsunis.com\/wp-content\/uploads\/2022\/11\/alecoutedutexte-300x203.png 300w\" sizes=\"auto, (max-width: 185px) 100vw, 185px\" \/><\/figure><\/div>\n\n\n<p>Les feuillets \u00ab \u00c0 l\u2019\u00e9coute du texte \u00bb, qui accompagnent la cat\u00e9ch\u00e8se (EDS) des adultes, sont sous la responsabilit\u00e9 du pasteur&nbsp;Gabriel Gol\u00e9a. Ce mat\u00e9riel, fruit du travail minutieux et attentif d\u2019une \u00e9quipe de b\u00e9n\u00e9voles, est destin\u00e9 \u00e0 \u00e9clairer l\u2019\u00e9tude de la Bible dans le cadre de l\u2019\u00e9cole du sabbat, un outil pratique surtout pour les animateurs en qu\u00eate des nouvelles id\u00e9es, fra\u00eeches pour leurs classes. Site internet : <a href=\"https:\/\/adventiste.org\/bible\/\" target=\"_blank\" rel=\"noreferrer noopener\">https:\/\/adventiste.org\/bible\/<\/a><\/p>\n\n\n<div class=\"wp-block-image\">\n<figure class=\"aligncenter size-full\"><a href=\"https:\/\/cloud.eud.adventist.org\/index.php\/s\/CBB2TtkXjmiPxEx\" target=\"_blank\" rel=\"noreferrer noopener\"><img loading=\"lazy\" decoding=\"async\" width=\"64\" height=\"64\" src=\"https:\/\/restonsunis.com\/wp-content\/uploads\/2022\/11\/pdf-logo.png\" alt=\"\" class=\"wp-image-8440\"\/><\/a><figcaption class=\"wp-element-caption\">Le\u00e7on 4<\/figcaption><\/figure><\/div><\/div><\/div>\n","protected":false},"excerpt":{"rendered":"<p>Introduction de la le\u00e7on SABBAT APR\u00c8S-MIDI Lecture de la semaine : 2 Corinthiens 9:6, 7; Deut. 16:17;&hellip;<\/p>\n","protected":false},"author":1,"featured_media":8294,"comment_status":"closed","ping_status":"open","sticky":false,"template":"","format":"standard","meta":{"footnotes":""},"categories":[130],"tags":[],"class_list":["post-8963","post","type-post","status-publish","format-standard","has-post-thumbnail","hentry","category-eds-blog"],"_links":{"self":[{"href":"https:\/\/restonsunis.com\/index.php\/wp-json\/wp\/v2\/posts\/8963","targetHints":{"allow":["GET"]}}],"collection":[{"href":"https:\/\/restonsunis.com\/index.php\/wp-json\/wp\/v2\/posts"}],"about":[{"href":"https:\/\/restonsunis.com\/index.php\/wp-json\/wp\/v2\/types\/post"}],"author":[{"embeddable":true,"href":"https:\/\/restonsunis.com\/index.php\/wp-json\/wp\/v2\/users\/1"}],"replies":[{"embeddable":true,"href":"https:\/\/restonsunis.com\/index.php\/wp-json\/wp\/v2\/comments?post=8963"}],"version-history":[{"count":1,"href":"https:\/\/restonsunis.com\/index.php\/wp-json\/wp\/v2\/posts\/8963\/revisions"}],"predecessor-version":[{"id":8965,"href":"https:\/\/restonsunis.com\/index.php\/wp-json\/wp\/v2\/posts\/8963\/revisions\/8965"}],"wp:featuredmedia":[{"embeddable":true,"href":"https:\/\/restonsunis.com\/index.php\/wp-json\/wp\/v2\/media\/8294"}],"wp:attachment":[{"href":"https:\/\/restonsunis.com\/index.php\/wp-json\/wp\/v2\/media?parent=8963"}],"wp:term":[{"taxonomy":"category","embeddable":true,"href":"https:\/\/restonsunis.com\/index.php\/wp-json\/wp\/v2\/categories?post=8963"},{"taxonomy":"post_tag","embeddable":true,"href":"https:\/\/restonsunis.com\/index.php\/wp-json\/wp\/v2\/tags?post=8963"}],"curies":[{"name":"wp","href":"https:\/\/api.w.org\/{rel}","templated":true}]}}