{"id":8970,"date":"2023-02-03T15:35:52","date_gmt":"2023-02-03T11:35:52","guid":{"rendered":"https:\/\/restonsunis.com\/?p=8970"},"modified":"2023-02-03T15:51:44","modified_gmt":"2023-02-03T11:51:44","slug":"eds-l05-faire-face-a-la-dette","status":"publish","type":"post","link":"https:\/\/restonsunis.com\/index.php\/2023\/02\/03\/eds-l05-faire-face-a-la-dette\/","title":{"rendered":"EDS-L05 : G\u00e9rer ses dettes"},"content":{"rendered":"\n<h2 class=\"wp-block-heading\">Introduction de la le\u00e7on<\/h2>\n\n\n\n<p class=\"has-medium-font-size\"><strong>SABBAT APR\u00c8S-MIDI<\/strong><\/p>\n\n\n\n<p class=\"has-medium-font-size\"><strong>Lecture de la semaine :<\/strong> Deut. 28:1, 2, 12; Matthieu 6:24; 1 Jean 2:15; Prov. 22:7; Prov. 6:1-5; Deut. 15:1-5.<\/p>\n\n\n\n<p class=\"has-medium-font-size\"><strong>Verset \u00e0 m\u00e9moriser : <\/strong>\u00ab Le riche domine sur les pauvres, et celui qui emprunte est l\u2019esclave de celui qui pr\u00eate \u00bb (Proverbes 22:7, LSG).<\/p>\n\n\n\n<p class=\"has-medium-font-size\">L\u2019une des d\u00e9finitions de la dette est le fait de \u00ab vivre aujourd\u2019hui de ce que vous esp\u00e9rez gagner \u00e0 l\u2019avenir. \u00bb Aujourd\u2019hui, la dette semble \u00eatre un mode de vie, mais elle ne devrait pas \u00eatre la norme pour les chr\u00e9tiens. La Bible d\u00e9courage l\u2019endettement. Dans les \u00c9critures, il y a au moins 26 r\u00e9f\u00e9rences \u00e0 la dette, et toutes sont n\u00e9gatives. Elles ne disent pas qu\u2019emprunter de l\u2019argent est un p\u00e9ch\u00e9, mais elles parlent des cons\u00e9quences souvent n\u00e9fastes de ce fait. En consid\u00e9rant les obligations financi\u00e8res, Paul conseillait: \u00ab rendez \u00e0 tous ce qui leur est d\u00fb: l\u2019imp\u00f4t \u00e0 qui vous devez l\u2019imp\u00f4t, le tribut \u00e0 qui vous devez le tribut, la crainte \u00e0 qui vous devez la crainte, l\u2019honneur \u00e0 qui vous devez l\u2019honneur. Ne devez rien \u00e0 personne, si ce n\u2019est de vous aimer les uns les autres; car celui qui aime les autres a accompli la loi \u00bb (Rom. 13:7, 8, LSG).<\/p>\n\n\n\n<p class=\"has-medium-font-size\">Pourquoi la dette est-elle presqu\u2019un fl\u00e9au international \u00e0 tous les niveaux \u2013 personnel, institutionnel et gouvernemental? Chaque soci\u00e9t\u00e9 a toujours eu au moins un petit pourcentage de personnes endett\u00e9es. Mais aujourd\u2019hui, la plus grande partie de la population est endett\u00e9e, et ce n\u2019est presque jamais \u00e0 leur avantage.<\/p>\n\n\n\n<p class=\"has-medium-font-size\">Cette semaine, nous examinerons les raisons de la dette et la fa\u00e7on d\u2019y faire face. Vous n\u2019avez peut-\u00eatre pas de dettes, mais vous pouvez partager cette pr\u00e9-cieuse information avec votre famille et vos amis qui pourraient en b\u00e9n\u00e9ficier.<br>\u00c9tudiez cette le\u00e7on pour le sabbat 4 f\u00e9vrier.<\/p>\n\n\n\n<h2 class=\"wp-block-heading\">R\u00e9sum\u00e9 en vid\u00e9o<\/h2>\n\n\n\n<figure class=\"wp-block-embed is-type-video is-provider-youtube wp-block-embed-youtube wp-embed-aspect-16-9 wp-has-aspect-ratio\"><div class=\"wp-block-embed__wrapper\">\n<iframe loading=\"lazy\" title=\"FAIRE FACE \u00c0 LA DETTE\" width=\"770\" height=\"433\" src=\"https:\/\/www.youtube.com\/embed\/UL6I19EZDf4?feature=oembed\" frameborder=\"0\" allow=\"accelerometer; autoplay; clipboard-write; encrypted-media; gyroscope; picture-in-picture; web-share\" allowfullscreen><\/iframe>\n<\/div><\/figure>\n\n\n\n<div class=\"wp-block-cover is-light\"><span aria-hidden=\"true\" class=\"wp-block-cover__background has-cyan-bluish-gray-background-color has-background-dim-100 has-background-dim\"><\/span><div class=\"wp-block-cover__inner-container is-layout-flow wp-block-cover-is-layout-flow\">\n<h2 class=\"wp-block-heading\">SOMMAIRE DE L&#8217;ARTICLE<\/h2>\n\n\n\n<p class=\"has-medium-font-size\"><a href=\"#lecon\"><strong>Le\u00e7on compl\u00e8te + moniteur<\/strong><\/a><\/p>\n\n\n\n<p class=\"has-medium-font-size\"><strong><a href=\"#video\">Commentaires vid\u00e9os<\/a><\/strong><\/p>\n\n\n\n<p class=\"has-medium-font-size\"><strong><a href=\"#complement\">Compl\u00e9ments \u00e0 t\u00e9l\u00e9charger<\/a><\/strong><\/p>\n<\/div><\/div>\n\n\n\n<h2 class=\"wp-block-heading\" id=\"lecon\">Le\u00e7on compl\u00e8te<\/h2>\n\n\n\n<div data-wp-interactive=\"core\/file\" class=\"wp-block-file\"><object data-wp-bind--hidden=\"!state.hasPdfPreview\" hidden class=\"wp-block-file__embed\" data=\"https:\/\/restonsunis.com\/wp-content\/uploads\/2023\/02\/ABSG-23-Q1-FR-L05-T.pdf\" type=\"application\/pdf\" style=\"width:100%;height:600px\" aria-label=\"Contenu embarqu\u00e9 ABSG-23-Q1-FR-L05-T.\"><\/object><a id=\"wp-block-file--media-22483e2d-c1bc-4d7d-92de-08ad51a498e4\" href=\"https:\/\/restonsunis.com\/wp-content\/uploads\/2023\/02\/ABSG-23-Q1-FR-L05-T.pdf\">ABSG-23-Q1-FR-L05-T<\/a><a href=\"https:\/\/restonsunis.com\/wp-content\/uploads\/2023\/02\/ABSG-23-Q1-FR-L05-T.pdf\" class=\"wp-block-file__button wp-element-button\" download aria-describedby=\"wp-block-file--media-22483e2d-c1bc-4d7d-92de-08ad51a498e4\">T\u00e9l\u00e9charger<\/a><\/div>\n\n\n\n<div class=\"wp-block-cover\"><span aria-hidden=\"true\" class=\"wp-block-cover__background has-black-background-color has-background-dim-100 has-background-dim\"><\/span><div class=\"wp-block-cover__inner-container is-layout-flow wp-block-cover-is-layout-flow\">\n<h2 class=\"wp-block-heading\" id=\"video\">Commentaires vid\u00e9os<\/h2>\n\n\n\n<h3 class=\"wp-block-heading\">Espoir M\u00e9dias \u2022 3DS<\/h3>\n\n\n\n<figure class=\"wp-block-embed is-type-video is-provider-youtube wp-block-embed-youtube wp-embed-aspect-16-9 wp-has-aspect-ratio\"><div class=\"wp-block-embed__wrapper\">\n<iframe loading=\"lazy\" title=\"G\u00c9RER SES DETTES | 3DS Le\u00e7on 5 | Avec David, Nicolas et \u00c9ric\" width=\"770\" height=\"433\" src=\"https:\/\/www.youtube.com\/embed\/rxwQWaTb8Bs?feature=oembed\" frameborder=\"0\" allow=\"accelerometer; autoplay; clipboard-write; encrypted-media; gyroscope; picture-in-picture; web-share\" allowfullscreen><\/iframe>\n<\/div><\/figure>\n\n\n\n<h3 class=\"wp-block-heading\">Eglise Saint-Georges \u2022 \u00c9cole du Sabbat<\/h3>\n\n\n\n<figure class=\"wp-block-embed is-type-video is-provider-youtube wp-block-embed-youtube wp-embed-aspect-16-9 wp-has-aspect-ratio\"><div class=\"wp-block-embed__wrapper\">\n<iframe loading=\"lazy\" title=\"Faire face \u00e0 la dette (Le\u00e7on 5, 1er Trimestre 2023)\" width=\"770\" height=\"433\" src=\"https:\/\/www.youtube.com\/embed\/R_95bUF38VM?feature=oembed\" frameborder=\"0\" allow=\"accelerometer; autoplay; clipboard-write; encrypted-media; gyroscope; picture-in-picture; web-share\" allowfullscreen><\/iframe>\n<\/div><\/figure>\n\n\n\n<h3 class=\"wp-block-heading\">FFN \u2022 \u00c9tude de l&#8217;\u00c9cole du Sabbat<\/h3>\n\n\n\n<figure class=\"wp-block-embed is-type-video is-provider-youtube wp-block-embed-youtube wp-embed-aspect-16-9 wp-has-aspect-ratio\"><div class=\"wp-block-embed__wrapper\">\n<iframe loading=\"lazy\" title=\"Faire face \u00e0 la dette | E\u0301tude de l&#039;e\u0301cole du Sabbat 05 EDS  | #adventisteffn\" width=\"770\" height=\"433\" src=\"https:\/\/www.youtube.com\/embed\/bc5GxFZ6EbQ?feature=oembed\" frameborder=\"0\" allow=\"accelerometer; autoplay; clipboard-write; encrypted-media; gyroscope; picture-in-picture; web-share\" allowfullscreen><\/iframe>\n<\/div><\/figure>\n\n\n\n<h3 class=\"wp-block-heading\">Eglise de Morija \u2022 \u00c9mission Autrement Dit<\/h3>\n\n\n\n<figure class=\"wp-block-embed is-type-video is-provider-youtube wp-block-embed-youtube wp-embed-aspect-16-9 wp-has-aspect-ratio\"><div class=\"wp-block-embed__wrapper\">\n<iframe loading=\"lazy\" title=\"AUTREMENT-DIT : Faire face a\u0300 la dette - 03\/02\/2023\" width=\"770\" height=\"433\" src=\"https:\/\/www.youtube.com\/embed\/KESK2_dBFAw?feature=oembed\" frameborder=\"0\" allow=\"accelerometer; autoplay; clipboard-write; encrypted-media; gyroscope; picture-in-picture; web-share\" allowfullscreen><\/iframe>\n<\/div><\/figure>\n<\/div><\/div>\n\n\n\n<div style=\"height:100px\" aria-hidden=\"true\" class=\"wp-block-spacer\"><\/div>\n\n\n\n<div class=\"wp-block-cover is-light\"><span aria-hidden=\"true\" class=\"wp-block-cover__background has-cyan-bluish-gray-background-color has-background-dim-100 has-background-dim\"><\/span><div class=\"wp-block-cover__inner-container is-layout-flow wp-block-cover-is-layout-flow\">\n<h2 class=\"wp-block-heading\" id=\"complement\">Compl\u00e9ments \u00e0 t\u00e9l\u00e9charger<\/h2>\n\n\n\n<h3 class=\"wp-block-heading\">\u00c0 l&#8217;\u00e9coute du texte<\/h3>\n\n\n<div class=\"wp-block-image\">\n<figure class=\"alignleft size-full is-resized\"><img loading=\"lazy\" decoding=\"async\" src=\"https:\/\/restonsunis.com\/wp-content\/uploads\/2022\/11\/alecoutedutexte.png\" alt=\"\" class=\"wp-image-8430\" width=\"185\" height=\"125\" srcset=\"https:\/\/restonsunis.com\/wp-content\/uploads\/2022\/11\/alecoutedutexte.png 406w, https:\/\/restonsunis.com\/wp-content\/uploads\/2022\/11\/alecoutedutexte-300x203.png 300w\" sizes=\"auto, (max-width: 185px) 100vw, 185px\" \/><\/figure><\/div>\n\n\n<p>Les feuillets \u00ab \u00c0 l\u2019\u00e9coute du texte \u00bb, qui accompagnent la cat\u00e9ch\u00e8se (EDS) des adultes, sont sous la responsabilit\u00e9 du pasteur&nbsp;Gabriel Gol\u00e9a. Ce mat\u00e9riel, fruit du travail minutieux et attentif d\u2019une \u00e9quipe de b\u00e9n\u00e9voles, est destin\u00e9 \u00e0 \u00e9clairer l\u2019\u00e9tude de la Bible dans le cadre de l\u2019\u00e9cole du sabbat, un outil pratique surtout pour les animateurs en qu\u00eate des nouvelles id\u00e9es, fra\u00eeches pour leurs classes. Site internet : <a href=\"https:\/\/adventiste.org\/bible\/\" target=\"_blank\" rel=\"noreferrer noopener\">https:\/\/adventiste.org\/bible\/<\/a><\/p>\n\n\n<div class=\"wp-block-image\">\n<figure class=\"aligncenter size-full\"><a href=\"https:\/\/cloud.eud.adventist.org\/index.php\/s\/Aotxm5pEdQdXtdp\" target=\"_blank\" rel=\"noreferrer noopener\"><img loading=\"lazy\" decoding=\"async\" width=\"64\" height=\"64\" src=\"https:\/\/restonsunis.com\/wp-content\/uploads\/2022\/11\/pdf-logo.png\" alt=\"\" class=\"wp-image-8440\"\/><\/a><figcaption class=\"wp-element-caption\">Le\u00e7on 5<\/figcaption><\/figure><\/div><\/div><\/div>\n","protected":false},"excerpt":{"rendered":"<p>Introduction de la le\u00e7on SABBAT APR\u00c8S-MIDI Lecture de la semaine : Deut. 28:1, 2, 12; Matthieu 6:24;&hellip;<\/p>\n","protected":false},"author":1,"featured_media":8294,"comment_status":"closed","ping_status":"open","sticky":false,"template":"","format":"standard","meta":{"footnotes":""},"categories":[130],"tags":[],"class_list":["post-8970","post","type-post","status-publish","format-standard","has-post-thumbnail","hentry","category-eds-blog"],"_links":{"self":[{"href":"https:\/\/restonsunis.com\/index.php\/wp-json\/wp\/v2\/posts\/8970","targetHints":{"allow":["GET"]}}],"collection":[{"href":"https:\/\/restonsunis.com\/index.php\/wp-json\/wp\/v2\/posts"}],"about":[{"href":"https:\/\/restonsunis.com\/index.php\/wp-json\/wp\/v2\/types\/post"}],"author":[{"embeddable":true,"href":"https:\/\/restonsunis.com\/index.php\/wp-json\/wp\/v2\/users\/1"}],"replies":[{"embeddable":true,"href":"https:\/\/restonsunis.com\/index.php\/wp-json\/wp\/v2\/comments?post=8970"}],"version-history":[{"count":2,"href":"https:\/\/restonsunis.com\/index.php\/wp-json\/wp\/v2\/posts\/8970\/revisions"}],"predecessor-version":[{"id":8973,"href":"https:\/\/restonsunis.com\/index.php\/wp-json\/wp\/v2\/posts\/8970\/revisions\/8973"}],"wp:featuredmedia":[{"embeddable":true,"href":"https:\/\/restonsunis.com\/index.php\/wp-json\/wp\/v2\/media\/8294"}],"wp:attachment":[{"href":"https:\/\/restonsunis.com\/index.php\/wp-json\/wp\/v2\/media?parent=8970"}],"wp:term":[{"taxonomy":"category","embeddable":true,"href":"https:\/\/restonsunis.com\/index.php\/wp-json\/wp\/v2\/categories?post=8970"},{"taxonomy":"post_tag","embeddable":true,"href":"https:\/\/restonsunis.com\/index.php\/wp-json\/wp\/v2\/tags?post=8970"}],"curies":[{"name":"wp","href":"https:\/\/api.w.org\/{rel}","templated":true}]}}