{"id":9078,"date":"2023-02-27T09:06:45","date_gmt":"2023-02-27T05:06:45","guid":{"rendered":"https:\/\/restonsunis.com\/?p=9078"},"modified":"2023-02-27T09:06:47","modified_gmt":"2023-02-27T05:06:47","slug":"jai-decide-de-vivre-pour-dieu","status":"publish","type":"post","link":"https:\/\/restonsunis.com\/index.php\/2023\/02\/27\/jai-decide-de-vivre-pour-dieu\/","title":{"rendered":"J&#8217;ai d\u00e9cid\u00e9 de vivre pour Dieu"},"content":{"rendered":"\n<p class=\"has-medium-font-size\"><em>Staff de Global Mission<\/em><\/p>\n\n\n\n<p class=\"has-medium-font-size\">&#8220;La plupart des gens autour de moi vivent pour l&#8217;argent, mais j&#8217;ai d\u00e9cid\u00e9 de vivre pour Dieu !&#8221;. Asim, le gardien de but de l&#8217;\u00e9quipe de football de sa ville dans un pays ferm\u00e9 de l&#8217;Union du Moyen-Orient et de l&#8217;Afrique du Nord, t\u00e9moigne qu&#8217;il joue pour honorer Dieu. Mais cela a affect\u00e9 ses revenus. Lorsqu&#8217;il a rejoint l&#8217;\u00e9quipe, il \u00e9tait le seul adventiste de toute la r\u00e9gion, et sa demande de repos pour les sabbats \u00e9tait consid\u00e9r\u00e9e comme d\u00e9raisonnable. Les managers ont refus\u00e9 cat\u00e9goriquement sa demande.<\/p>\n\n\n\n<p class=\"has-medium-font-size\">&#8220;Au d\u00e9but, j&#8217;ai \u00e9t\u00e9 p\u00e9nalis\u00e9 quand ils ont r\u00e9alis\u00e9 que je ne jouerais pas le sabbat&#8221;, a d\u00e9clar\u00e9 Asim. &#8220;Ils ont r\u00e9duit mon salaire. J&#8217;ai quand m\u00eame demand\u00e9 \u00e0 Dieu de m&#8217;aider \u00e0 \u00eatre un bon joueur. Je l&#8217;ai vu me b\u00e9nir ; on ne marque pas beaucoup de buts contre moi.&#8221; Le comportement d&#8217;Asim est humble, mais l&#8217;\u00e9quipe ne pouvait pas s&#8217;en sortir sans lui. Finalement, ils ont d\u00e9cid\u00e9 de respecter ses convictions. &#8220;Je ne joue jamais le sabbat, en revanche !&#8221; ajoute-t-il.<\/p>\n\n\n\n<p class=\"has-medium-font-size\">Jouer au football pour Dieu n&#8217;est pas le seul t\u00e9moignage d&#8217;Asim. Il enseigne \u00e9galement l&#8217;anglais et le fran\u00e7ais dans une \u00e9cole locale. &#8220;J&#8217;ai d\u00e9cid\u00e9 d&#8217;utiliser cette \u00e9cole comme un champ de mission et j&#8217;ai parl\u00e9 \u00e0 ma classe de la s\u00e9rie de vid\u00e9os bibliques Al Massira. J&#8217;ai expliqu\u00e9 [\u00e0 mes \u00e9l\u00e8ves] qu&#8217;elle couvrait des histoires de la Tawrat, ou Ancien Testament, et qu&#8217;elle les aiderait \u00e0 renforcer leurs comp\u00e9tences en anglais.&#8221; Les histoires bibliques deviennent le centre de leurs discussions alors qu&#8217;ils pratiquent l&#8217;anglais conversationnel.<\/p>\n\n\n\n<p class=\"has-medium-font-size\">Le sport et l&#8217;enseignement ne prennent pas tout le temps d&#8217;Asim. Il a entendu dire qu&#8217;une congr\u00e9gation chr\u00e9tienne locale n&#8217;avait pas de responsable r\u00e9gulier. Il s&#8217;est rendu \u00e0 l&#8217;\u00e9glise, s&#8217;est pr\u00e9sent\u00e9 comme un adventiste du septi\u00e8me jour et a commenc\u00e9 \u00e0 prier avec eux et \u00e0 diriger un groupe d&#8217;\u00e9tude.<\/p>\n\n\n\n<p class=\"has-medium-font-size\">Une semaine, comme ils n&#8217;avaient pas de pr\u00e9dicateur pour le dimanche suivant, ils lui ont demand\u00e9 de pr\u00eacher. Ils ont aim\u00e9 sa pr\u00e9dication et l&#8217;ont bient\u00f4t invit\u00e9 \u00e0 pr\u00eacher tous les dimanches.<\/p>\n\n\n\n<p class=\"has-medium-font-size\">C&#8217;est alors qu&#8217;Asim a commenc\u00e9 une s\u00e9rie sur les enseignements bibliques importants tels qu&#8217;ils sont compris par l&#8217;\u00c9glise adventiste du septi\u00e8me jour. Les membres de son \u00e9glise &#8220;adoptive&#8221; apprennent non seulement les v\u00e9rit\u00e9s simples de la Bible, mais font \u00e9galement l&#8217;exp\u00e9rience du minist\u00e8re de J\u00e9sus lorsqu&#8217;Asim leur rend visite chez eux et r\u00e9pond \u00e0 leurs besoins.<\/p>\n\n\n\n<p class=\"has-medium-font-size\">Voir des personnes prendre des d\u00e9cisions en faveur de J\u00e9sus est ce qu&#8217;il pr\u00e9f\u00e8re dans sa vie de fabricant de tentes. Depuis plusieurs ann\u00e9es, Asim dirige deux groupes d&#8217;\u00e9tude biblique hebdomadaires compos\u00e9s de chr\u00e9tiens et de non-chr\u00e9tiens. Il y a un an, alors que le COVID-19 diminuait dans la r\u00e9gion, des amis l&#8217;ont aid\u00e9 \u00e0 creuser un trou dans leur jardin, qu&#8217;ils ont tapiss\u00e9 de plastique noir \u00e9pais et rempli d&#8217;eau. Dans ces circonstances, c&#8217;\u00e9tait le meilleur baptist\u00e8re qu&#8217;ils pouvaient fournir \u00e0 trois de ses amis, tous d&#8217;origine non chr\u00e9tienne, qui ont \u00e9t\u00e9 baptis\u00e9s comme les premiers convertis adventistes de toute la r\u00e9gion. Asim n&#8217;est plus seul dans sa fraternit\u00e9 ! &#8220;Je vois de plus en plus de personnes int\u00e9ress\u00e9es par la connaissance de Dieu&#8221;, dit Asim. &#8220;Je vois une formidable ouverture pour l&#8217;\u0153uvre de Dieu. Tous les quatre, nous prions maintenant pour que des ouvriers viennent dans notre ville.&#8221;<\/p>\n\n\n\n<p class=\"has-medium-font-size\">Asim a enti\u00e8rement consacr\u00e9 sa vie \u00e0 l&#8217;\u0153uvre de Dieu, et Dieu l&#8217;utilise pour avoir un impact sur chaque personne qu&#8217;il rencontre.<\/p>\n\n\n\n<p class=\"has-medium-font-size\"><em>Asim n&#8217;est pas son vrai nom. Le nom a \u00e9t\u00e9 chang\u00e9 pour des raisons de s\u00e9curit\u00e9. Histoire partag\u00e9e par Global Mission, qui est la branche missionnaire de premi\u00e8re ligne de l&#8217;\u00c9glise adventiste du septi\u00e8me jour. Par le biais d&#8217;un minist\u00e8re holistique, les pionniers de Global Mission apportent la lumi\u00e8re dans les villes du monde, en mettant l&#8217;accent sur la fen\u00eatre 10\/40.<\/em><\/p>\n\n\n\n<h3 class=\"has-medium-font-size wp-block-heading\">Sujets de pri\u00e8re de l\u2019\u00c9glise mondiale<\/h3>\n\n\n\n<h3 class=\"has-medium-font-size wp-block-heading\">24 f\u00e9vrier &#8211; 2 mars 2023<\/h3>\n\n\n\n<ul class=\"has-medium-font-size wp-block-list\">\n<li>Priez pour notre famille de l&#8217;\u00e9glise en Turquie. Priez pour qu&#8217;elle re\u00e7oive des vivres, des provisions, une protection et la force d&#8217;aller de l&#8217;avant face \u00e0 cette grande trag\u00e9die et \u00e0 ces pertes.<\/li>\n\n\n\n<li>Priez pour les travailleurs de l&#8217;ADRA qui tendent la main \u00e0 ceux dont la vie a \u00e9t\u00e9 boulevers\u00e9e par les tremblements de terre, les incendies et les inondations.<\/li>\n\n\n\n<li>Priez pour notre famille d&#8217;\u00e9glises en Ukraine, en Russie et en Europe de l&#8217;Est. Priez pour qu&#8217;elle continue \u00e0 recevoir la force et la nourriture dont elle a besoin, ainsi que pour le courage et la paix au milieu des difficult\u00e9s et des souffrances continues.<\/li>\n\n\n\n<li>Priez pour la Journ\u00e9e mondiale de la jeunesse qui aura lieu le 18 mars 2023. Le th\u00e8me est &#8220;L&#8217;amour est un verbe&#8221;. Priez pour que de nombreuses personnes soient touch\u00e9es par J\u00e9sus lors de cette journ\u00e9e !<\/li>\n\n\n\n<li>Priez pour la pr\u00e9paration de l&#8217;\u00e9vang\u00e9lisation qui est pr\u00e9vue en Europe pour ce printemps 2023. Priez pour que Dieu ouvre les portes et les c\u0153urs \u00e0 ce qu&#8217;Il a en r\u00e9serve.<\/li>\n<\/ul>\n","protected":false},"excerpt":{"rendered":"<p>Staff de Global Mission &#8220;La plupart des gens autour de moi vivent pour l&#8217;argent, mais j&#8217;ai d\u00e9cid\u00e9&hellip;<\/p>\n","protected":false},"author":1,"featured_media":9079,"comment_status":"closed","ping_status":"open","sticky":false,"template":"","format":"standard","meta":{"footnotes":""},"categories":[124],"tags":[],"class_list":["post-9078","post","type-post","status-publish","format-standard","has-post-thumbnail","hentry","category-unis-dans-la-priere"],"_links":{"self":[{"href":"https:\/\/restonsunis.com\/index.php\/wp-json\/wp\/v2\/posts\/9078","targetHints":{"allow":["GET"]}}],"collection":[{"href":"https:\/\/restonsunis.com\/index.php\/wp-json\/wp\/v2\/posts"}],"about":[{"href":"https:\/\/restonsunis.com\/index.php\/wp-json\/wp\/v2\/types\/post"}],"author":[{"embeddable":true,"href":"https:\/\/restonsunis.com\/index.php\/wp-json\/wp\/v2\/users\/1"}],"replies":[{"embeddable":true,"href":"https:\/\/restonsunis.com\/index.php\/wp-json\/wp\/v2\/comments?post=9078"}],"version-history":[{"count":1,"href":"https:\/\/restonsunis.com\/index.php\/wp-json\/wp\/v2\/posts\/9078\/revisions"}],"predecessor-version":[{"id":9080,"href":"https:\/\/restonsunis.com\/index.php\/wp-json\/wp\/v2\/posts\/9078\/revisions\/9080"}],"wp:featuredmedia":[{"embeddable":true,"href":"https:\/\/restonsunis.com\/index.php\/wp-json\/wp\/v2\/media\/9079"}],"wp:attachment":[{"href":"https:\/\/restonsunis.com\/index.php\/wp-json\/wp\/v2\/media?parent=9078"}],"wp:term":[{"taxonomy":"category","embeddable":true,"href":"https:\/\/restonsunis.com\/index.php\/wp-json\/wp\/v2\/categories?post=9078"},{"taxonomy":"post_tag","embeddable":true,"href":"https:\/\/restonsunis.com\/index.php\/wp-json\/wp\/v2\/tags?post=9078"}],"curies":[{"name":"wp","href":"https:\/\/api.w.org\/{rel}","templated":true}]}}