{"id":9127,"date":"2023-04-08T08:30:00","date_gmt":"2023-04-08T04:30:00","guid":{"rendered":"https:\/\/restonsunis.com\/?p=9127"},"modified":"2023-04-08T07:51:14","modified_gmt":"2023-04-08T03:51:14","slug":"programme-du-sabbat-8-avril-2023","status":"publish","type":"post","link":"https:\/\/restonsunis.com\/index.php\/2023\/04\/08\/programme-du-sabbat-8-avril-2023\/","title":{"rendered":"Programme du sabbat 8 avril 2023"},"content":{"rendered":"\n<h2 class=\"has-text-align-center wp-block-heading\">Louanges \u00e0 l&#8217;\u00c9ternel<\/h2>\n\n\n\n<figure class=\"wp-block-embed is-type-video is-provider-youtube wp-block-embed-youtube wp-embed-aspect-16-9 wp-has-aspect-ratio\"><div class=\"wp-block-embed__wrapper\">\n<iframe loading=\"lazy\" title=\"InterVocal | Souviens-toi du Sabbat | PAROLES\" width=\"770\" height=\"433\" src=\"https:\/\/www.youtube.com\/embed\/btJ5DSama1k?list=PLHPlvMtb3LGebLDSIAejpRawh31aewh48\" frameborder=\"0\" allow=\"accelerometer; autoplay; clipboard-write; encrypted-media; gyroscope; picture-in-picture; web-share\" allowfullscreen><\/iframe>\n<\/div><\/figure>\n\n\n\n<h2 class=\"has-text-align-center wp-block-heading\">ESPOIR-23 : Retrouvez les rediffusions dans cette playlist. <\/h2>\n\n\n\n<figure class=\"wp-block-embed is-type-video is-provider-youtube wp-block-embed-youtube wp-embed-aspect-16-9 wp-has-aspect-ratio\"><div class=\"wp-block-embed__wrapper\">\n<iframe loading=\"lazy\" title=\"Espoir-23 Message du Pasteur Daniel Jennah\" width=\"770\" height=\"433\" src=\"https:\/\/www.youtube.com\/embed\/Rl1ixIe-No8?list=PLHPlvMtb3LGcGeXfCl6PKpkXMnzr_tZC1\" frameborder=\"0\" allow=\"accelerometer; autoplay; clipboard-write; encrypted-media; gyroscope; picture-in-picture; web-share\" allowfullscreen><\/iframe>\n<\/div><\/figure>\n\n\n\n<h2 class=\"has-text-align-center wp-block-heading\">Le\u00e7on EDS<\/h2>\n\n\n\n<h2 class=\"has-text-align-center wp-block-heading\">Parole en Action<\/h2>\n\n\n\n<figure class=\"wp-block-embed is-type-video is-provider-youtube wp-block-embed-youtube wp-embed-aspect-16-9 wp-has-aspect-ratio\"><div class=\"wp-block-embed__wrapper\">\n<iframe loading=\"lazy\" title=\"Parole en Action | T2 Le\u00e7on 2 - Une destin\u00e9e d\u00e9pend d&#039;un instant\" width=\"770\" height=\"433\" src=\"https:\/\/www.youtube.com\/embed\/9nl7gYxtGso?feature=oembed\" frameborder=\"0\" allow=\"accelerometer; autoplay; clipboard-write; encrypted-media; gyroscope; picture-in-picture; web-share\" allowfullscreen><\/iframe>\n<\/div><\/figure>\n\n\n\n<h2 class=\"has-text-align-center wp-block-heading\">Emission &#8220;Autrement dit&#8221;<\/h2>\n\n\n\n<figure class=\"wp-block-embed is-type-video is-provider-youtube wp-block-embed-youtube wp-embed-aspect-16-9 wp-has-aspect-ratio\"><div class=\"wp-block-embed__wrapper\">\n<iframe loading=\"lazy\" title=\"AUTREMENT DIT   Un moment de\u0301cisif 07 04 2023\" width=\"770\" height=\"433\" src=\"https:\/\/www.youtube.com\/embed\/XkmqxzOiRyE?feature=oembed\" frameborder=\"0\" allow=\"accelerometer; autoplay; clipboard-write; encrypted-media; gyroscope; picture-in-picture; web-share\" allowfullscreen><\/iframe>\n<\/div><\/figure>\n\n\n\n<h2 class=\"has-text-align-center wp-block-heading\">Les cultes d&#8217;adoration<\/h2>\n\n\n\n<h3 class=\"has-text-align-center wp-block-heading\">Le culte d&#8217;adoration pour les enfants (6-12 ans)<\/h3>\n\n\n\n<figure class=\"wp-block-embed is-type-video is-provider-youtube wp-block-embed-youtube wp-embed-aspect-16-9 wp-has-aspect-ratio\"><div class=\"wp-block-embed__wrapper\">\n<iframe loading=\"lazy\" title=\"#21#JAMENCO - Mets de l&#039;ordre\" width=\"770\" height=\"433\" src=\"https:\/\/www.youtube.com\/embed\/ljKoSqQ8HlU?feature=oembed\" frameborder=\"0\" allow=\"accelerometer; autoplay; clipboard-write; encrypted-media; gyroscope; picture-in-picture; web-share\" allowfullscreen><\/iframe>\n<\/div><\/figure>\n\n\n\n<div class=\"wp-block-buttons is-horizontal is-content-justification-center is-layout-flex wp-container-core-buttons-is-layout-499968f5 wp-block-buttons-is-layout-flex\">\n<div class=\"wp-block-button\"><a class=\"wp-block-button__link has-luminous-vivid-amber-background-color has-background wp-element-button\" href=\"https:\/\/www.youtube.com\/c\/RestonsUnis\">Revoir les programmes pour les enfants sur notre chaine YouTube<\/a><\/div>\n<\/div>\n\n\n\n<h3 class=\"has-text-align-center wp-block-heading\"><br>&#8220;Luther se s\u00e9pare de Rome&#8221; par le Pasteur Ted Wilson<\/h3>\n\n\n\n<figure class=\"wp-block-embed is-type-video is-provider-youtube wp-block-embed-youtube wp-embed-aspect-16-9 wp-has-aspect-ratio\"><div class=\"wp-block-embed__wrapper\">\n<iframe loading=\"lazy\" title=\"Luther se s\u00e9pare de Rome - S\u00e9rie &quot;La trag\u00e9die des si\u00e8cles&quot; pr\u00e9sent\u00e9e par Ted Wilson\" width=\"770\" height=\"433\" src=\"https:\/\/www.youtube.com\/embed\/gySvyEVqW_s?feature=oembed\" frameborder=\"0\" allow=\"accelerometer; autoplay; clipboard-write; encrypted-media; gyroscope; picture-in-picture; web-share\" allowfullscreen><\/iframe>\n<\/div><\/figure>\n\n\n\n<h3 class=\"has-text-align-center wp-block-heading\">&#8220;Rediffusion \u2014 J\u00e9sus-Christ, l\u2019incomparable &#8220;<\/h3>\n\n\n\n<figure class=\"wp-block-embed is-type-video is-provider-youtube wp-block-embed-youtube wp-embed-aspect-16-9 wp-has-aspect-ratio\"><div class=\"wp-block-embed__wrapper\">\n<iframe loading=\"lazy\" title=\"Je\u0301sus, l\u2019Incomparable (P\u00e2ques 2022) - Il Est \u00c9crit\" width=\"770\" height=\"433\" src=\"https:\/\/www.youtube.com\/embed\/jzhwhueRmaY?feature=oembed\" frameborder=\"0\" allow=\"accelerometer; autoplay; clipboard-write; encrypted-media; gyroscope; picture-in-picture; web-share\" allowfullscreen><\/iframe>\n<\/div><\/figure>\n","protected":false},"excerpt":{"rendered":"<p>\u00ab Et tous les peuples de la terre verront que le nom de l\u2019\u00c9ternel est r\u00e9clam\u00e9 sur toi, et ils te craindront. \u00bb<br \/>\nDeut\u00e9ronome 28:10 \u2014 Bon sabbat !<\/p>\n","protected":false},"author":3,"featured_media":8007,"comment_status":"closed","ping_status":"open","sticky":false,"template":"","format":"standard","meta":{"footnotes":""},"categories":[26],"tags":[],"class_list":["post-9127","post","type-post","status-publish","format-standard","has-post-thumbnail","hentry","category-journee-de-sabbat"],"_links":{"self":[{"href":"https:\/\/restonsunis.com\/index.php\/wp-json\/wp\/v2\/posts\/9127","targetHints":{"allow":["GET"]}}],"collection":[{"href":"https:\/\/restonsunis.com\/index.php\/wp-json\/wp\/v2\/posts"}],"about":[{"href":"https:\/\/restonsunis.com\/index.php\/wp-json\/wp\/v2\/types\/post"}],"author":[{"embeddable":true,"href":"https:\/\/restonsunis.com\/index.php\/wp-json\/wp\/v2\/users\/3"}],"replies":[{"embeddable":true,"href":"https:\/\/restonsunis.com\/index.php\/wp-json\/wp\/v2\/comments?post=9127"}],"version-history":[{"count":4,"href":"https:\/\/restonsunis.com\/index.php\/wp-json\/wp\/v2\/posts\/9127\/revisions"}],"predecessor-version":[{"id":9132,"href":"https:\/\/restonsunis.com\/index.php\/wp-json\/wp\/v2\/posts\/9127\/revisions\/9132"}],"wp:featuredmedia":[{"embeddable":true,"href":"https:\/\/restonsunis.com\/index.php\/wp-json\/wp\/v2\/media\/8007"}],"wp:attachment":[{"href":"https:\/\/restonsunis.com\/index.php\/wp-json\/wp\/v2\/media?parent=9127"}],"wp:term":[{"taxonomy":"category","embeddable":true,"href":"https:\/\/restonsunis.com\/index.php\/wp-json\/wp\/v2\/categories?post=9127"},{"taxonomy":"post_tag","embeddable":true,"href":"https:\/\/restonsunis.com\/index.php\/wp-json\/wp\/v2\/tags?post=9127"}],"curies":[{"name":"wp","href":"https:\/\/api.w.org\/{rel}","templated":true}]}}