{"id":9201,"date":"2023-06-10T08:00:00","date_gmt":"2023-06-10T04:00:00","guid":{"rendered":"https:\/\/restonsunis.com\/?p=9201"},"modified":"2023-06-10T01:38:57","modified_gmt":"2023-06-09T21:38:57","slug":"programme-du-sabbat-10-juin-2023","status":"publish","type":"post","link":"https:\/\/restonsunis.com\/index.php\/2023\/06\/10\/programme-du-sabbat-10-juin-2023\/","title":{"rendered":"Programme du sabbat 10 juin 2023"},"content":{"rendered":"\n<h2 class=\"wp-block-heading has-text-align-center\">Louanges \u00e0 l&#8217;\u00c9ternel<\/h2>\n\n\n\n<p>Louange : &#8220;C&#8217;est aupr\u00e8s de Dieu&#8221;.<\/p>\n\n\n\n<figure class=\"wp-block-embed is-type-video is-provider-youtube wp-block-embed-youtube wp-embed-aspect-16-9 wp-has-aspect-ratio\"><div class=\"wp-block-embed__wrapper\">\n<iframe loading=\"lazy\" title=\"C&#039;est aupr\u00e8s de Dieu\" width=\"770\" height=\"433\" src=\"https:\/\/www.youtube.com\/embed\/kbejHnlgZS0?feature=oembed\" frameborder=\"0\" allow=\"accelerometer; autoplay; clipboard-write; encrypted-media; gyroscope; picture-in-picture; web-share\" allowfullscreen><\/iframe>\n<\/div><\/figure>\n\n\n\n<h2 class=\"wp-block-heading has-text-align-center\">Bulletin missionnaire<\/h2>\n\n\n\n<p class=\"wp-embed-aspect-16-9 wp-has-aspect-ratio\">&#8220;Faire \u00e9quipe pour la mission&#8221;<\/p>\n\n\n\n<figure class=\"wp-block-embed is-type-video is-provider-youtube wp-block-embed-youtube wp-embed-aspect-16-9 wp-has-aspect-ratio\"><div class=\"wp-block-embed__wrapper\">\n<iframe loading=\"lazy\" title=\"Faire \u00e9quipe pour la mission\" width=\"770\" height=\"433\" src=\"https:\/\/www.youtube.com\/embed\/RND8ObVCF10?feature=oembed\" frameborder=\"0\" allow=\"accelerometer; autoplay; clipboard-write; encrypted-media; gyroscope; picture-in-picture; web-share\" allowfullscreen><\/iframe>\n<\/div><\/figure>\n\n\n\n<h2 class=\"wp-block-heading has-text-align-center wp-embed-aspect-16-9 wp-has-aspect-ratio\">Le\u00e7on EDS<\/h2>\n\n\n\n<h2 class=\"wp-block-heading has-text-align-center\">Parole en Action<\/h2>\n\n\n\n<p>Le sceau de Dieu et la marque de la b\u00eate.<\/p>\n\n\n\n<figure class=\"wp-block-embed is-type-video is-provider-youtube wp-block-embed-youtube wp-embed-aspect-16-9 wp-has-aspect-ratio\"><div class=\"wp-block-embed__wrapper\">\n<iframe loading=\"lazy\" title=\"Parole en Action | T2 Le\u00e7on 11 - Le sceau de Dieu et la marque de la B\u00eate (partie 1)\" width=\"770\" height=\"433\" src=\"https:\/\/www.youtube.com\/embed\/UG0i5XesHfc?feature=oembed\" frameborder=\"0\" allow=\"accelerometer; autoplay; clipboard-write; encrypted-media; gyroscope; picture-in-picture; web-share\" allowfullscreen><\/iframe>\n<\/div><\/figure>\n\n\n\n<h2 class=\"wp-block-heading has-text-align-center\">Emission &#8220;Autrement dit&#8221;<\/h2>\n\n\n\n<p>\u00c9tude de la Bible n\u00b011 &#8211; Le sceau de Dieu et la marque de la b\u00eate.<\/p>\n\n\n\n<figure class=\"wp-block-embed is-type-video is-provider-youtube wp-block-embed-youtube wp-embed-aspect-16-9 wp-has-aspect-ratio\"><div class=\"wp-block-embed__wrapper\">\n<iframe loading=\"lazy\" title=\"AUTREMENT DIT    Le sceau de Dieu et la marque de la be\u0302te- 1ere partie\" width=\"770\" height=\"433\" src=\"https:\/\/www.youtube.com\/embed\/XdRmHUpRXrY?feature=oembed\" frameborder=\"0\" allow=\"accelerometer; autoplay; clipboard-write; encrypted-media; gyroscope; picture-in-picture; web-share\" allowfullscreen><\/iframe>\n<\/div><\/figure>\n\n\n\n<h2 class=\"wp-block-heading has-text-align-center\">Les cultes d&#8217;adoration<\/h2>\n\n\n\n<h3 class=\"wp-block-heading has-text-align-center\">Le culte d&#8217;adoration pour les enfants (6-12 ans)<\/h3>\n\n\n\n<p>Aimer est un verbe&#8230; &#8220;PARDONNER&#8221; \u2014 3\/8<\/p>\n\n\n\n<figure class=\"wp-block-embed is-type-video is-provider-youtube wp-block-embed-youtube wp-embed-aspect-16-9 wp-has-aspect-ratio\"><div class=\"wp-block-embed__wrapper\">\n<iframe loading=\"lazy\" title=\"#03 Aimer c&#039;est Pardonner\" width=\"770\" height=\"433\" src=\"https:\/\/www.youtube.com\/embed\/N9HGdaziNrI?feature=oembed\" frameborder=\"0\" allow=\"accelerometer; autoplay; clipboard-write; encrypted-media; gyroscope; picture-in-picture; web-share\" allowfullscreen><\/iframe>\n<\/div><\/figure>\n\n\n\n<div class=\"wp-block-buttons is-horizontal is-content-justification-center is-layout-flex wp-container-core-buttons-is-layout-499968f5 wp-block-buttons-is-layout-flex\">\n<div class=\"wp-block-button\"><a class=\"wp-block-button__link has-luminous-vivid-amber-background-color has-background wp-element-button\" href=\"https:\/\/www.youtube.com\/c\/RestonsUnis\">Revoir les programmes pour les enfants sur notre chaine YouTube<\/a><\/div>\n<\/div>\n\n\n\n<h3 class=\"wp-block-heading has-text-align-center\"><br>S\u00e9rie &#8220;La trag\u00e9die des si\u00e8cles&#8221; par le Pasteur Ted Wilson<\/h3>\n\n\n\n<p>La R\u00e9forme en France &#8211; Partie 1<\/p>\n\n\n\n<figure class=\"wp-block-embed is-type-video is-provider-youtube wp-block-embed-youtube wp-embed-aspect-16-9 wp-has-aspect-ratio\"><div class=\"wp-block-embed__wrapper\">\n<iframe loading=\"lazy\" title=\"La R\u00e9forme en France - Partie 1 | S\u00e9rie &quot;La Trag\u00e9die des Si\u00e8cles&quot; pr\u00e9sent\u00e9e par Ted Wilson\" width=\"770\" height=\"433\" src=\"https:\/\/www.youtube.com\/embed\/hX45VJ89qbc?feature=oembed\" frameborder=\"0\" allow=\"accelerometer; autoplay; clipboard-write; encrypted-media; gyroscope; picture-in-picture; web-share\" allowfullscreen><\/iframe>\n<\/div><\/figure>\n\n\n\n<h3 class=\"wp-block-heading has-text-align-center\">&#8220;Les Dix Paroles&#8221; \u2014 Il Est \u00c9crit<\/h3>\n\n\n\n<p>&#8221;Les Dix Paroles&#8221;.<\/p>\n\n\n\n<figure class=\"wp-block-embed is-type-video is-provider-youtube wp-block-embed-youtube wp-embed-aspect-16-9 wp-has-aspect-ratio\"><div class=\"wp-block-embed__wrapper\">\n<iframe loading=\"lazy\" title=\"Les Dix Paroles - Il Est \u00c9crit\" width=\"770\" height=\"433\" src=\"https:\/\/www.youtube.com\/embed\/GHy9QhvUkU4?feature=oembed\" frameborder=\"0\" allow=\"accelerometer; autoplay; clipboard-write; encrypted-media; gyroscope; picture-in-picture; web-share\" allowfullscreen><\/iframe>\n<\/div><\/figure>\n","protected":false},"excerpt":{"rendered":"<p>\u00ab Je laisserai de reste au milieu de toi un peuple afflig\u00e9 et ch\u00e9tif, et ils auront leur confiance au nom de l\u2019\u00c9ternel. \u00bb Sophonie 3:12 \u2014 Bon sabbat !<\/p>\n","protected":false},"author":3,"featured_media":8007,"comment_status":"closed","ping_status":"open","sticky":false,"template":"","format":"standard","meta":{"footnotes":""},"categories":[26],"tags":[],"class_list":["post-9201","post","type-post","status-publish","format-standard","has-post-thumbnail","hentry","category-journee-de-sabbat"],"_links":{"self":[{"href":"https:\/\/restonsunis.com\/index.php\/wp-json\/wp\/v2\/posts\/9201","targetHints":{"allow":["GET"]}}],"collection":[{"href":"https:\/\/restonsunis.com\/index.php\/wp-json\/wp\/v2\/posts"}],"about":[{"href":"https:\/\/restonsunis.com\/index.php\/wp-json\/wp\/v2\/types\/post"}],"author":[{"embeddable":true,"href":"https:\/\/restonsunis.com\/index.php\/wp-json\/wp\/v2\/users\/3"}],"replies":[{"embeddable":true,"href":"https:\/\/restonsunis.com\/index.php\/wp-json\/wp\/v2\/comments?post=9201"}],"version-history":[{"count":1,"href":"https:\/\/restonsunis.com\/index.php\/wp-json\/wp\/v2\/posts\/9201\/revisions"}],"predecessor-version":[{"id":9202,"href":"https:\/\/restonsunis.com\/index.php\/wp-json\/wp\/v2\/posts\/9201\/revisions\/9202"}],"wp:featuredmedia":[{"embeddable":true,"href":"https:\/\/restonsunis.com\/index.php\/wp-json\/wp\/v2\/media\/8007"}],"wp:attachment":[{"href":"https:\/\/restonsunis.com\/index.php\/wp-json\/wp\/v2\/media?parent=9201"}],"wp:term":[{"taxonomy":"category","embeddable":true,"href":"https:\/\/restonsunis.com\/index.php\/wp-json\/wp\/v2\/categories?post=9201"},{"taxonomy":"post_tag","embeddable":true,"href":"https:\/\/restonsunis.com\/index.php\/wp-json\/wp\/v2\/tags?post=9201"}],"curies":[{"name":"wp","href":"https:\/\/api.w.org\/{rel}","templated":true}]}}